{"id":14720,"date":"2020-03-01T22:09:57","date_gmt":"2020-03-01T22:09:57","guid":{"rendered":"https:\/\/sepeba-ebra.com\/?p=14720"},"modified":"2020-03-03T22:33:13","modified_gmt":"2020-03-03T22:33:13","slug":"la-gestion-des-rotations-et-lintroduction-dengrais-verts-sous-abris","status":"publish","type":"post","link":"https:\/\/www.ebra-semoir.fr\/en\/la-gestion-des-rotations-et-lintroduction-dengrais-verts-sous-abris\/","title":{"rendered":"Managing rotations"},"content":{"rendered":"<div data-elementor-type=\"wp-post\" data-elementor-id=\"14720\" class=\"elementor elementor-14720\" data-elementor-post-type=\"post\">\n\t\t\t\t\t\t<section class=\"elementor-section elementor-top-section elementor-element elementor-element-6a84d2f4 elementor-section-boxed elementor-section-height-default elementor-section-height-default\" data-id=\"6a84d2f4\" data-element_type=\"section\" data-e-type=\"section\">\n\t\t\t\t\t\t<div class=\"elementor-container elementor-column-gap-default\">\n\t\t\t\t\t<div class=\"elementor-column elementor-col-100 elementor-top-column elementor-element elementor-element-ed1d1e3\" data-id=\"ed1d1e3\" data-element_type=\"column\" data-e-type=\"column\">\n\t\t\t<div class=\"elementor-widget-wrap elementor-element-populated\">\n\t\t\t\t\t\t<div class=\"elementor-element elementor-element-5bc56847 elementor-widget elementor-widget-text-editor\" data-id=\"5bc56847\" data-element_type=\"widget\" data-e-type=\"widget\" data-widget_type=\"text-editor.default\">\n\t\t\t\t<div class=\"elementor-widget-container\">\n\t\t\t\t\t\t\t\t\t\n<p>Pour la gestion des rotations, deux crit\u00e8res principaux sont \u00e0 prendre en compte : la date de lib\u00e9ration de la surface sous abris et les familles des l\u00e9gumes pr\u00e9sents. Les l\u00e9gumes en place sous abris l\u2019\u00e9t\u00e9 sont principalement des l\u00e9gumes de la famille des solanac\u00e9es ou cucurbitac\u00e9es. En hiver et au printemps on retrouve une gamme plus vari\u00e9e (brassicac\u00e9es, liliac\u00e9es, fabac\u00e9es, ch\u00e9nopodiac\u00e9es, ast\u00e9rac\u00e9es). L\u2019id\u00e9al serait d\u2019avoir 4 ans entre deux cultures identiques au m\u00eame endroit dans l\u2019abri. Pour caler les rotations et \u00e9viter un retour trop rapide d\u2019une m\u00eame culture au m\u00eame endroit, il est possible de r\u00e9fl\u00e9chir \u00e0 la rotation des l\u00e9gumes d\u2019\u00e9t\u00e9 et \u00e0 celle des l\u00e9gumes d\u2019hiver s\u00e9par\u00e9ment dans un premier temps. Il faut ensuite s\u2019assurer que les abris sont disponibles au moment des mises en culture pr\u00e9vues. La mise en place d\u2019engrais verts permet de couper le cycle de certains ravageurs ou maladies pr\u00e9sents dans les sols en raison de l\u2019intensivit\u00e9 des rotations sous abris. L\u2019effet d\u00e9compactant de certaines esp\u00e8ces est int\u00e9ressant en raison de l\u2019intensivit\u00e9 du passage d\u2019outils et du pi\u00e9tinement dans les all\u00e9es. Le cr\u00e9neau le plus long pour permettre \u00e0 l\u2019engrais vert de se d\u00e9velopper correctement et d\u2019\u00eatre d\u00e9truit dans les temps est la p\u00e9riode comprise entre la r\u00e9colte des l\u00e9gumes primeurs en mai\/juin et la mise en place des l\u00e9gumes d\u2019automne\/hiver. La dur\u00e9e de v\u00e9g\u00e9tation est plus courte qu\u2019en plein champ, compter 2 \u00e0 3 mois maximum. Pr\u00e9voir tout de m\u00eame 3 semaines entre la destruction de l\u2019engrais vert et la mise en place de la culture suivante afin de permettre \u00e0 la mati\u00e8re organique de se d\u00e9composer correctement Sorgho fourrager, sarrasin et moutarde brune sont des esp\u00e8ces ayant une croissance rapide pouvant s\u2019adapter \u00e0 ce type de cr\u00e9neau.  <\/p>\n\n\n\n<h2 class=\"wp-block-heading\">POINTS CL\u00c9S DE LA PLANIFICATION SOUS ABRIS<\/h2>\n\n\n\n<p>Concr\u00e8tement, la planification des rotations sous abris peut se faire en plusieurs \u00e9tapes.<\/p>\n\n\n\n<ul class=\"wp-block-list\"><li> Tout d\u2019abord d\u00e9terminer les volumes \u00e0 commercialiser pour chaque l\u00e9gume.<\/li><li> Une fois ces volumes d\u00e9termin\u00e9s, choisir les p\u00e9riodes de commercialisation des l\u00e9gumes et les surfaces \u00e0 mettre en place pour chacun d\u2019entre eux. Ces p\u00e9riodes de commercialisation vont d\u00e9finir les dates de mise en culture et donc la dur\u00e9e d\u2019occupation des abris pour chaque l\u00e9gume.<\/li><li> La derni\u00e8re \u00e9tape consiste \u00e0 s\u2019assurer que la somme des surfaces occup\u00e9es par les l\u00e9gumes \u00e0 un moment donn\u00e9 ne d\u00e9passe pas la surface totale de l\u2019abri. <\/li><\/ul>\n\n\n\n<p> La mise en place d\u2019un planning de cultures et de rotations pendant l\u2019hiver permet d\u2019aborder le printemps et la nouvelle saison avec une vision globale de ce qui va \u00eatre mis en place pendant l\u2019ann\u00e9e. Il est important afin de connaitre et anticiper l\u2019occupation des abris tout au long de l\u2019ann\u00e9e. <\/p>\n\t\t\t\t\t\t\t\t<\/div>\n\t\t\t\t<\/div>\n\t\t\t\t\t<\/div>\n\t\t<\/div>\n\t\t\t\t\t<\/div>\n\t\t<\/section>\n\t\t\t\t<\/div>","protected":false},"excerpt":{"rendered":"<p>Pour la gestion des rotations, deux crit\u00e8res principaux sont \u00e0 prendre en compte : la date de lib\u00e9ration de la surface sous abris et les familles des l\u00e9gumes pr\u00e9sents. Les l\u00e9gumes en place sous abris l\u2019\u00e9t\u00e9 sont principalement des l\u00e9gumes de la famille des solanac\u00e9es ou cucurbitac\u00e9es. En hiver et au printemps on retrouve une [&hellip;]<\/p>\n","protected":false},"author":4,"featured_media":14722,"comment_status":"open","ping_status":"open","sticky":false,"template":"","format":"standard","meta":{"_gspb_post_css":"","footnotes":""},"categories":[1,4],"tags":[],"class_list":["post-14720","post","type-post","status-publish","format-standard","has-post-thumbnail","hentry","category-cultures","category-meilleures-pratiques","entry","has-media","owp-thumbs-layout-horizontal","owp-btn-normal","owp-tabs-layout-horizontal","has-no-thumbnails"],"yoast_head":"<!-- This site is optimized with the Yoast SEO plugin v27.4 - https:\/\/yoast.com\/product\/yoast-seo-wordpress\/ -->\n<title>La gestion des rotations - Semoirs Ebra<\/title>\n<meta name=\"robots\" content=\"index, follow, max-snippet:-1, max-image-preview:large, max-video-preview:-1\" \/>\n<link rel=\"canonical\" href=\"https:\/\/www.ebra-semoir.fr\/en\/la-gestion-des-rotations-et-lintroduction-dengrais-verts-sous-abris\/\" \/>\n<meta property=\"og:locale\" content=\"en_US\" \/>\n<meta property=\"og:type\" content=\"article\" \/>\n<meta property=\"og:title\" content=\"La gestion des rotations - Semoirs Ebra\" \/>\n<meta property=\"og:description\" content=\"Pour la gestion des rotations, deux crit\u00e8res principaux sont \u00e0 prendre en compte : la date de lib\u00e9ration de la surface sous abris et les familles des l\u00e9gumes pr\u00e9sents. Les l\u00e9gumes en place sous abris l\u2019\u00e9t\u00e9 sont principalement des l\u00e9gumes de la famille des solanac\u00e9es ou cucurbitac\u00e9es. En hiver et au printemps on retrouve une [&hellip;]\" \/>\n<meta property=\"og:url\" content=\"https:\/\/www.ebra-semoir.fr\/en\/la-gestion-des-rotations-et-lintroduction-dengrais-verts-sous-abris\/\" \/>\n<meta property=\"og:site_name\" content=\"Semoirs Ebra\" \/>\n<meta property=\"article:published_time\" content=\"2020-03-01T22:09:57+00:00\" \/>\n<meta property=\"article:modified_time\" content=\"2020-03-03T22:33:13+00:00\" \/>\n<meta property=\"og:image\" content=\"https:\/\/www.ebra-semoir.fr\/wp-content\/uploads\/2020\/03\/organic-hydroponic-vegetable-cultivation-farm-NCEKTPG-scaled.jpg\" \/>\n\t<meta property=\"og:image:width\" content=\"2560\" \/>\n\t<meta property=\"og:image:height\" content=\"1348\" \/>\n\t<meta property=\"og:image:type\" content=\"image\/jpeg\" \/>\n<meta name=\"author\" content=\"Fran\u00e7ois Chauchet\" \/>\n<meta name=\"twitter:card\" content=\"summary_large_image\" \/>\n<meta name=\"twitter:label1\" content=\"Written by\" \/>\n\t<meta name=\"twitter:data1\" content=\"Fran\u00e7ois Chauchet\" \/>\n\t<meta name=\"twitter:label2\" content=\"Est. reading time\" \/>\n\t<meta name=\"twitter:data2\" content=\"3 minutes\" \/>\n<script type=\"application\/ld+json\" class=\"yoast-schema-graph\">{\"@context\":\"https:\\\/\\\/schema.org\",\"@graph\":[{\"@type\":\"Article\",\"@id\":\"https:\\\/\\\/www.ebra-semoir.fr\\\/la-gestion-des-rotations-et-lintroduction-dengrais-verts-sous-abris\\\/#article\",\"isPartOf\":{\"@id\":\"https:\\\/\\\/www.ebra-semoir.fr\\\/la-gestion-des-rotations-et-lintroduction-dengrais-verts-sous-abris\\\/\"},\"author\":{\"name\":\"Fran\u00e7ois Chauchet\",\"@id\":\"https:\\\/\\\/www.ebra-semoir.fr\\\/#\\\/schema\\\/person\\\/4862d991220c2523dc2714077354f2ac\"},\"headline\":\"La gestion des rotations\",\"datePublished\":\"2020-03-01T22:09:57+00:00\",\"dateModified\":\"2020-03-03T22:33:13+00:00\",\"mainEntityOfPage\":{\"@id\":\"https:\\\/\\\/www.ebra-semoir.fr\\\/la-gestion-des-rotations-et-lintroduction-dengrais-verts-sous-abris\\\/\"},\"wordCount\":527,\"commentCount\":0,\"publisher\":{\"@id\":\"https:\\\/\\\/www.ebra-semoir.fr\\\/#organization\"},\"image\":{\"@id\":\"https:\\\/\\\/www.ebra-semoir.fr\\\/la-gestion-des-rotations-et-lintroduction-dengrais-verts-sous-abris\\\/#primaryimage\"},\"thumbnailUrl\":\"https:\\\/\\\/www.ebra-semoir.fr\\\/wp-content\\\/uploads\\\/2020\\\/03\\\/organic-hydroponic-vegetable-cultivation-farm-NCEKTPG-scaled.jpg\",\"articleSection\":[\"Cultures\",\"Meilleures Pratiques\"],\"inLanguage\":\"en-US\",\"potentialAction\":[{\"@type\":\"CommentAction\",\"name\":\"Comment\",\"target\":[\"https:\\\/\\\/www.ebra-semoir.fr\\\/la-gestion-des-rotations-et-lintroduction-dengrais-verts-sous-abris\\\/#respond\"]}]},{\"@type\":\"WebPage\",\"@id\":\"https:\\\/\\\/www.ebra-semoir.fr\\\/la-gestion-des-rotations-et-lintroduction-dengrais-verts-sous-abris\\\/\",\"url\":\"https:\\\/\\\/www.ebra-semoir.fr\\\/la-gestion-des-rotations-et-lintroduction-dengrais-verts-sous-abris\\\/\",\"name\":\"La gestion des rotations - Semoirs Ebra\",\"isPartOf\":{\"@id\":\"https:\\\/\\\/www.ebra-semoir.fr\\\/#website\"},\"primaryImageOfPage\":{\"@id\":\"https:\\\/\\\/www.ebra-semoir.fr\\\/la-gestion-des-rotations-et-lintroduction-dengrais-verts-sous-abris\\\/#primaryimage\"},\"image\":{\"@id\":\"https:\\\/\\\/www.ebra-semoir.fr\\\/la-gestion-des-rotations-et-lintroduction-dengrais-verts-sous-abris\\\/#primaryimage\"},\"thumbnailUrl\":\"https:\\\/\\\/www.ebra-semoir.fr\\\/wp-content\\\/uploads\\\/2020\\\/03\\\/organic-hydroponic-vegetable-cultivation-farm-NCEKTPG-scaled.jpg\",\"datePublished\":\"2020-03-01T22:09:57+00:00\",\"dateModified\":\"2020-03-03T22:33:13+00:00\",\"breadcrumb\":{\"@id\":\"https:\\\/\\\/www.ebra-semoir.fr\\\/la-gestion-des-rotations-et-lintroduction-dengrais-verts-sous-abris\\\/#breadcrumb\"},\"inLanguage\":\"en-US\",\"potentialAction\":[{\"@type\":\"ReadAction\",\"target\":[\"https:\\\/\\\/www.ebra-semoir.fr\\\/la-gestion-des-rotations-et-lintroduction-dengrais-verts-sous-abris\\\/\"]}]},{\"@type\":\"ImageObject\",\"inLanguage\":\"en-US\",\"@id\":\"https:\\\/\\\/www.ebra-semoir.fr\\\/la-gestion-des-rotations-et-lintroduction-dengrais-verts-sous-abris\\\/#primaryimage\",\"url\":\"https:\\\/\\\/www.ebra-semoir.fr\\\/wp-content\\\/uploads\\\/2020\\\/03\\\/organic-hydroponic-vegetable-cultivation-farm-NCEKTPG-scaled.jpg\",\"contentUrl\":\"https:\\\/\\\/www.ebra-semoir.fr\\\/wp-content\\\/uploads\\\/2020\\\/03\\\/organic-hydroponic-vegetable-cultivation-farm-NCEKTPG-scaled.jpg\",\"width\":2560,\"height\":1348,\"caption\":\"Grow salad in greenhouse pure eco frendly agriculture\"},{\"@type\":\"BreadcrumbList\",\"@id\":\"https:\\\/\\\/www.ebra-semoir.fr\\\/la-gestion-des-rotations-et-lintroduction-dengrais-verts-sous-abris\\\/#breadcrumb\",\"itemListElement\":[{\"@type\":\"ListItem\",\"position\":1,\"name\":\"Accueil\",\"item\":\"https:\\\/\\\/www.ebra-semoir.fr\\\/\"},{\"@type\":\"ListItem\",\"position\":2,\"name\":\"La gestion des rotations\"}]},{\"@type\":\"WebSite\",\"@id\":\"https:\\\/\\\/www.ebra-semoir.fr\\\/#website\",\"url\":\"https:\\\/\\\/www.ebra-semoir.fr\\\/\",\"name\":\"Semoirs Ebra\",\"description\":\"Ebra - Les Semoirs de Pr\u00e9cision\",\"publisher\":{\"@id\":\"https:\\\/\\\/www.ebra-semoir.fr\\\/#organization\"},\"potentialAction\":[{\"@type\":\"SearchAction\",\"target\":{\"@type\":\"EntryPoint\",\"urlTemplate\":\"https:\\\/\\\/www.ebra-semoir.fr\\\/?s={search_term_string}\"},\"query-input\":{\"@type\":\"PropertyValueSpecification\",\"valueRequired\":true,\"valueName\":\"search_term_string\"}}],\"inLanguage\":\"en-US\"},{\"@type\":\"Organization\",\"@id\":\"https:\\\/\\\/www.ebra-semoir.fr\\\/#organization\",\"name\":\"Semoirs Ebra\",\"url\":\"https:\\\/\\\/www.ebra-semoir.fr\\\/\",\"logo\":{\"@type\":\"ImageObject\",\"inLanguage\":\"en-US\",\"@id\":\"https:\\\/\\\/www.ebra-semoir.fr\\\/#\\\/schema\\\/logo\\\/image\\\/\",\"url\":\"https:\\\/\\\/www.ebra-semoir.fr\\\/wp-content\\\/uploads\\\/2018\\\/05\\\/logo-ebra-white.png\",\"contentUrl\":\"https:\\\/\\\/www.ebra-semoir.fr\\\/wp-content\\\/uploads\\\/2018\\\/05\\\/logo-ebra-white.png\",\"width\":208,\"height\":78,\"caption\":\"Semoirs Ebra\"},\"image\":{\"@id\":\"https:\\\/\\\/www.ebra-semoir.fr\\\/#\\\/schema\\\/logo\\\/image\\\/\"}},{\"@type\":\"Person\",\"@id\":\"https:\\\/\\\/www.ebra-semoir.fr\\\/#\\\/schema\\\/person\\\/4862d991220c2523dc2714077354f2ac\",\"name\":\"Fran\u00e7ois Chauchet\",\"image\":{\"@type\":\"ImageObject\",\"inLanguage\":\"en-US\",\"@id\":\"https:\\\/\\\/secure.gravatar.com\\\/avatar\\\/a31f304f85b8bfdd51c18618d318258fb8dd5f603cdd567470857bb057644103?s=96&d=mm&r=g\",\"url\":\"https:\\\/\\\/secure.gravatar.com\\\/avatar\\\/a31f304f85b8bfdd51c18618d318258fb8dd5f603cdd567470857bb057644103?s=96&d=mm&r=g\",\"contentUrl\":\"https:\\\/\\\/secure.gravatar.com\\\/avatar\\\/a31f304f85b8bfdd51c18618d318258fb8dd5f603cdd567470857bb057644103?s=96&d=mm&r=g\",\"caption\":\"Fran\u00e7ois Chauchet\"},\"url\":\"https:\\\/\\\/www.ebra-semoir.fr\\\/en\\\/author\\\/francois\\\/\"}]}<\/script>\n<!-- \/ Yoast SEO plugin. -->","yoast_head_json":{"title":"La gestion des rotations - Semoirs Ebra","robots":{"index":"index","follow":"follow","max-snippet":"max-snippet:-1","max-image-preview":"max-image-preview:large","max-video-preview":"max-video-preview:-1"},"canonical":"https:\/\/www.ebra-semoir.fr\/en\/la-gestion-des-rotations-et-lintroduction-dengrais-verts-sous-abris\/","og_locale":"en_US","og_type":"article","og_title":"La gestion des rotations - Semoirs Ebra","og_description":"Pour la gestion des rotations, deux crit\u00e8res principaux sont \u00e0 prendre en compte : la date de lib\u00e9ration de la surface sous abris et les familles des l\u00e9gumes pr\u00e9sents. Les l\u00e9gumes en place sous abris l\u2019\u00e9t\u00e9 sont principalement des l\u00e9gumes de la famille des solanac\u00e9es ou cucurbitac\u00e9es. En hiver et au printemps on retrouve une [&hellip;]","og_url":"https:\/\/www.ebra-semoir.fr\/en\/la-gestion-des-rotations-et-lintroduction-dengrais-verts-sous-abris\/","og_site_name":"Semoirs Ebra","article_published_time":"2020-03-01T22:09:57+00:00","article_modified_time":"2020-03-03T22:33:13+00:00","og_image":[{"width":2560,"height":1348,"url":"https:\/\/www.ebra-semoir.fr\/wp-content\/uploads\/2020\/03\/organic-hydroponic-vegetable-cultivation-farm-NCEKTPG-scaled.jpg","type":"image\/jpeg"}],"author":"Fran\u00e7ois Chauchet","twitter_card":"summary_large_image","twitter_misc":{"Written by":"Fran\u00e7ois Chauchet","Est. reading time":"3 minutes"},"schema":{"@context":"https:\/\/schema.org","@graph":[{"@type":"Article","@id":"https:\/\/www.ebra-semoir.fr\/la-gestion-des-rotations-et-lintroduction-dengrais-verts-sous-abris\/#article","isPartOf":{"@id":"https:\/\/www.ebra-semoir.fr\/la-gestion-des-rotations-et-lintroduction-dengrais-verts-sous-abris\/"},"author":{"name":"Fran\u00e7ois Chauchet","@id":"https:\/\/www.ebra-semoir.fr\/#\/schema\/person\/4862d991220c2523dc2714077354f2ac"},"headline":"La gestion des rotations","datePublished":"2020-03-01T22:09:57+00:00","dateModified":"2020-03-03T22:33:13+00:00","mainEntityOfPage":{"@id":"https:\/\/www.ebra-semoir.fr\/la-gestion-des-rotations-et-lintroduction-dengrais-verts-sous-abris\/"},"wordCount":527,"commentCount":0,"publisher":{"@id":"https:\/\/www.ebra-semoir.fr\/#organization"},"image":{"@id":"https:\/\/www.ebra-semoir.fr\/la-gestion-des-rotations-et-lintroduction-dengrais-verts-sous-abris\/#primaryimage"},"thumbnailUrl":"https:\/\/www.ebra-semoir.fr\/wp-content\/uploads\/2020\/03\/organic-hydroponic-vegetable-cultivation-farm-NCEKTPG-scaled.jpg","articleSection":["Cultures","Meilleures Pratiques"],"inLanguage":"en-US","potentialAction":[{"@type":"CommentAction","name":"Comment","target":["https:\/\/www.ebra-semoir.fr\/la-gestion-des-rotations-et-lintroduction-dengrais-verts-sous-abris\/#respond"]}]},{"@type":"WebPage","@id":"https:\/\/www.ebra-semoir.fr\/la-gestion-des-rotations-et-lintroduction-dengrais-verts-sous-abris\/","url":"https:\/\/www.ebra-semoir.fr\/la-gestion-des-rotations-et-lintroduction-dengrais-verts-sous-abris\/","name":"La gestion des rotations - Semoirs Ebra","isPartOf":{"@id":"https:\/\/www.ebra-semoir.fr\/#website"},"primaryImageOfPage":{"@id":"https:\/\/www.ebra-semoir.fr\/la-gestion-des-rotations-et-lintroduction-dengrais-verts-sous-abris\/#primaryimage"},"image":{"@id":"https:\/\/www.ebra-semoir.fr\/la-gestion-des-rotations-et-lintroduction-dengrais-verts-sous-abris\/#primaryimage"},"thumbnailUrl":"https:\/\/www.ebra-semoir.fr\/wp-content\/uploads\/2020\/03\/organic-hydroponic-vegetable-cultivation-farm-NCEKTPG-scaled.jpg","datePublished":"2020-03-01T22:09:57+00:00","dateModified":"2020-03-03T22:33:13+00:00","breadcrumb":{"@id":"https:\/\/www.ebra-semoir.fr\/la-gestion-des-rotations-et-lintroduction-dengrais-verts-sous-abris\/#breadcrumb"},"inLanguage":"en-US","potentialAction":[{"@type":"ReadAction","target":["https:\/\/www.ebra-semoir.fr\/la-gestion-des-rotations-et-lintroduction-dengrais-verts-sous-abris\/"]}]},{"@type":"ImageObject","inLanguage":"en-US","@id":"https:\/\/www.ebra-semoir.fr\/la-gestion-des-rotations-et-lintroduction-dengrais-verts-sous-abris\/#primaryimage","url":"https:\/\/www.ebra-semoir.fr\/wp-content\/uploads\/2020\/03\/organic-hydroponic-vegetable-cultivation-farm-NCEKTPG-scaled.jpg","contentUrl":"https:\/\/www.ebra-semoir.fr\/wp-content\/uploads\/2020\/03\/organic-hydroponic-vegetable-cultivation-farm-NCEKTPG-scaled.jpg","width":2560,"height":1348,"caption":"Grow salad in greenhouse pure eco frendly agriculture"},{"@type":"BreadcrumbList","@id":"https:\/\/www.ebra-semoir.fr\/la-gestion-des-rotations-et-lintroduction-dengrais-verts-sous-abris\/#breadcrumb","itemListElement":[{"@type":"ListItem","position":1,"name":"Accueil","item":"https:\/\/www.ebra-semoir.fr\/"},{"@type":"ListItem","position":2,"name":"La gestion des rotations"}]},{"@type":"WebSite","@id":"https:\/\/www.ebra-semoir.fr\/#website","url":"https:\/\/www.ebra-semoir.fr\/","name":"Semoirs Ebra","description":"Ebra - Les Semoirs de Pr\u00e9cision","publisher":{"@id":"https:\/\/www.ebra-semoir.fr\/#organization"},"potentialAction":[{"@type":"SearchAction","target":{"@type":"EntryPoint","urlTemplate":"https:\/\/www.ebra-semoir.fr\/?s={search_term_string}"},"query-input":{"@type":"PropertyValueSpecification","valueRequired":true,"valueName":"search_term_string"}}],"inLanguage":"en-US"},{"@type":"Organization","@id":"https:\/\/www.ebra-semoir.fr\/#organization","name":"Semoirs Ebra","url":"https:\/\/www.ebra-semoir.fr\/","logo":{"@type":"ImageObject","inLanguage":"en-US","@id":"https:\/\/www.ebra-semoir.fr\/#\/schema\/logo\/image\/","url":"https:\/\/www.ebra-semoir.fr\/wp-content\/uploads\/2018\/05\/logo-ebra-white.png","contentUrl":"https:\/\/www.ebra-semoir.fr\/wp-content\/uploads\/2018\/05\/logo-ebra-white.png","width":208,"height":78,"caption":"Semoirs Ebra"},"image":{"@id":"https:\/\/www.ebra-semoir.fr\/#\/schema\/logo\/image\/"}},{"@type":"Person","@id":"https:\/\/www.ebra-semoir.fr\/#\/schema\/person\/4862d991220c2523dc2714077354f2ac","name":"Fran\u00e7ois Chauchet","image":{"@type":"ImageObject","inLanguage":"en-US","@id":"https:\/\/secure.gravatar.com\/avatar\/a31f304f85b8bfdd51c18618d318258fb8dd5f603cdd567470857bb057644103?s=96&d=mm&r=g","url":"https:\/\/secure.gravatar.com\/avatar\/a31f304f85b8bfdd51c18618d318258fb8dd5f603cdd567470857bb057644103?s=96&d=mm&r=g","contentUrl":"https:\/\/secure.gravatar.com\/avatar\/a31f304f85b8bfdd51c18618d318258fb8dd5f603cdd567470857bb057644103?s=96&d=mm&r=g","caption":"Fran\u00e7ois Chauchet"},"url":"https:\/\/www.ebra-semoir.fr\/en\/author\/francois\/"}]}},"_links":{"self":[{"href":"https:\/\/www.ebra-semoir.fr\/en\/wp-json\/wp\/v2\/posts\/14720","targetHints":{"allow":["GET"]}}],"collection":[{"href":"https:\/\/www.ebra-semoir.fr\/en\/wp-json\/wp\/v2\/posts"}],"about":[{"href":"https:\/\/www.ebra-semoir.fr\/en\/wp-json\/wp\/v2\/types\/post"}],"author":[{"embeddable":true,"href":"https:\/\/www.ebra-semoir.fr\/en\/wp-json\/wp\/v2\/users\/4"}],"replies":[{"embeddable":true,"href":"https:\/\/www.ebra-semoir.fr\/en\/wp-json\/wp\/v2\/comments?post=14720"}],"version-history":[{"count":1,"href":"https:\/\/www.ebra-semoir.fr\/en\/wp-json\/wp\/v2\/posts\/14720\/revisions"}],"predecessor-version":[{"id":26612,"href":"https:\/\/www.ebra-semoir.fr\/en\/wp-json\/wp\/v2\/posts\/14720\/revisions\/26612"}],"wp:featuredmedia":[{"embeddable":true,"href":"https:\/\/www.ebra-semoir.fr\/en\/wp-json\/wp\/v2\/media\/14722"}],"wp:attachment":[{"href":"https:\/\/www.ebra-semoir.fr\/en\/wp-json\/wp\/v2\/media?parent=14720"}],"wp:term":[{"taxonomy":"category","embeddable":true,"href":"https:\/\/www.ebra-semoir.fr\/en\/wp-json\/wp\/v2\/categories?post=14720"},{"taxonomy":"post_tag","embeddable":true,"href":"https:\/\/www.ebra-semoir.fr\/en\/wp-json\/wp\/v2\/tags?post=14720"}],"curies":[{"name":"wp","href":"https:\/\/api.w.org\/{rel}","templated":true}]}}