{"id":27195,"date":"2025-12-12T07:00:00","date_gmt":"2025-12-12T06:00:00","guid":{"rendered":"https:\/\/www.ebra-semoir.fr\/?p=27195"},"modified":"2025-12-12T08:24:01","modified_gmt":"2025-12-12T07:24:01","slug":"formation-reussir-son-installation-en-maraichage-sol-vivant","status":"publish","type":"post","link":"https:\/\/www.ebra-semoir.fr\/en\/formation-reussir-son-installation-en-maraichage-sol-vivant\/","title":{"rendered":"Formation \u00ab R\u00e9ussir son installation en Mara\u00eechage Sol Vivant \u00bb"},"content":{"rendered":"<p><strong>Se lancer comme mara\u00eecher-\u00e8re : une ambition qui m\u00e9rite un cadre s\u00e9rieux ?&nbsp;<\/strong><\/p>\n\n\n\n<p><strong>Avec la formation \u00ab R\u00e9ussir son installation en Mara\u00eechage Sol Vivant<\/strong> \u00bb propos\u00e9e par <a href=\"https:\/\/www.verdeterreprod.fr\/\" target=\"_blank\" rel=\"noreferrer noopener\">Ver de Terre Production<\/a>, vous b\u00e9n\u00e9ficiez d\u2019un accompagnement complet pour structurer et concr\u00e9tiser votre projet.\u00a0<\/p>\n\n\n\n<p>D\u00e8s l\u2019annonce de la session 2025-2026, le ton est donn\u00e9 :<\/p>\n\n\n\n<h2 class=\"wp-block-heading has-text-align-center\" id=\"du-sol-au-marche\">Du sol au march\u00e9<\/h2>\n\n\n\n<p>telle est l\u2019ambition de cette formation compl\u00e8te d\u2019exception&nbsp;!<\/p>\n\n\n\n<p><strong>Cette formation s\u2019adresse aux porteurs de projet qui envisagent de s\u2019installer ainsi qu\u2019aux mara\u00eechers d\u00e9j\u00e0 en activit\u00e9 souhaitant renforcer leurs comp\u00e9tences.&nbsp;<\/strong><\/p>\n\n\n\n<p>Pendant plusieurs mois, combinant e-learning et classes virtuelles, les participants plongent dans l\u2019univers du mara\u00eechage \u00ab sol vivant \u00bb : analyser la sant\u00e9 du sol, choisir des itin\u00e9raires techniques adapt\u00e9s, planifier la production, organiser la commercialisation.&nbsp;<\/p>\n\n\n\n<h2 class=\"wp-block-heading\" id=\"un-contenu-riche-d-enseignements-et-validant\">Un contenu riche d&rsquo;enseignements et validant&#8230;<\/h2>\n\n\n\n<p>Au menu, vous y trouverez notamment&nbsp;:<\/p>\n\n\n\n<ul class=\"wp-block-list\">\n<li>Les fondamentaux de l\u2019agro\u00e9cologie et des syst\u00e8mes \u00ab sol vivant \u00bb.&nbsp;<\/li>\n\n\n\n<li>Le diagnostic et la r\u00e9g\u00e9n\u00e9ration de la fertilit\u00e9 du sol.&nbsp;<\/li>\n\n\n\n<li>L\u2019\u00e9laboration d\u2019une strat\u00e9gie d\u2019exploitation : production, logistique, d\u00e9bouch\u00e9s.<\/li>\n\n\n\n<li>Une formation certifiante et finan\u00e7able via vos droits formation, notamment VIVEA et le CPF (Compte Personnel de Formation).<\/li>\n<\/ul>\n\n\n\n<h2 class=\"wp-block-heading\" id=\"pourquoi-choisir-cette-formation\"><br><strong>Pourquoi choisir cette formation ?&nbsp;<\/strong><\/h2>\n\n\n\n<p>Parce qu\u2019elle s\u2019inscrit dans une approche contemporaine, respectueuse de l\u2019environnement, tout en vous donnant les outils pour que vous visiez la rentabilit\u00e9 et la p\u00e9rennit\u00e9.<\/p>\n\n\n\n<p>Le contexte agricole \u00e9volue : les attentes soci\u00e9tales en mati\u00e8re de qualit\u00e9 alimentaire et de pratiques durables&nbsp;imposent de nouvelles et nombreuses comp\u00e9tences \u00e0 acqu\u00e9rir.<\/p>\n\n\n\n<p>L\u2019un des grands atouts : la pluralit\u00e9 des formats p\u00e9dagogiques &#8211; vid\u00e9os accessibles \u00e0 vie, classes virtuelles en direct, possibilit\u00e9 de r\u00e9aliser un stage sur le terrain, etc\u2026 Le tout dans un esprit de partage d\u2019exp\u00e9rience entre professionnels de tous niveaux\u2026<\/p>\n\n\n\n<h2 class=\"wp-block-heading\" id=\"quels-apports-de-la-formation-proposee-par-ver-de-terre-production\"><strong>Quels apports de la formation propos\u00e9e par Ver de Terre Production ?<\/strong><\/h2>\n\n\n\n<p>Au terme de cette formation, vous serez autonome et capable de&nbsp; :<\/p>\n\n\n\n<ul class=\"wp-block-list\">\n<li>D\u00e9crire les principes d\u2019un mara\u00eechage respectueux du sol,<\/li>\n\n\n\n<li>Choisir les techniques adapt\u00e9es \u00e0 votre contexte p\u00e9doclimatique,<\/li>\n\n\n\n<li>B\u00e2tir une strat\u00e9gie de commercialisation pour vos l\u00e9gumes,<\/li>\n\n\n\n<li>Organiser les t\u00e2ches de production et anticiper la logistique.&nbsp;<\/li>\n<\/ul>\n\n\n\n<p><strong>Autre atout<\/strong> <strong>ind\u00e9niable<\/strong> : l\u2019acc\u00e8s \u00e0 vie aux modules en ligne vous permet de revenir sur les notions \u00e0 tout moment, un vrai plus pour progresser \u00e0 votre rythme.&nbsp;<\/p>\n\n\n\n<p>Vous avez un projet d\u2019installation ou souhaitez \u00ab repenser \u00bb votre exploitation mara\u00eech\u00e8re pour l\u2019orienter vers le sol vivant&nbsp;? Cette formation sera votre tremplin&nbsp;!<\/p>\n\n\n\n<p><strong>Inscrivez-vous d\u00e8s maintenant pour la prochaine session, et donnez-vous les moyens de r\u00e9ussir.<\/strong><br>Pour en savoir plus et s\u2019inscrire :<a href=\"https:\/\/www.verdeterreprod.fr\/formations-longues\/reussir-son-installation-en-msv-2\/\" target=\"_blank\" rel=\"noreferrer noopener\"> consulter le site de Ver de Terre Production.<\/a><\/p>","protected":false},"excerpt":{"rendered":"<p>Se lancer comme mara\u00eecher-\u00e8re : une ambition qui m\u00e9rite un cadre s\u00e9rieux ?&nbsp; Avec la formation \u00ab R\u00e9ussir son installation en Mara\u00eechage Sol Vivant \u00bb propos\u00e9e par Ver de Terre Production, vous b\u00e9n\u00e9ficiez d\u2019un accompagnement complet pour structurer et concr\u00e9tiser votre projet.\u00a0 D\u00e8s l\u2019annonce de la session 2025-2026, le ton est donn\u00e9 : Du sol [&hellip;]<\/p>\n","protected":false},"author":19,"featured_media":27196,"comment_status":"open","ping_status":"open","sticky":false,"template":"","format":"standard","meta":{"_gspb_post_css":"","footnotes":""},"categories":[1],"tags":[],"class_list":["post-27195","post","type-post","status-publish","format-standard","has-post-thumbnail","hentry","category-cultures","entry","has-media","owp-thumbs-layout-horizontal","owp-btn-normal","owp-tabs-layout-horizontal","has-no-thumbnails"],"yoast_head":"<!-- This site is optimized with the Yoast SEO plugin v27.4 - https:\/\/yoast.com\/product\/yoast-seo-wordpress\/ -->\n<title>Formation \u00ab R\u00e9ussir son installation en Mara\u00eechage Sol Vivant \u00bb - Semoirs Ebra<\/title>\n<meta name=\"description\" content=\"Cette formation s\u2019adresse aux porteurs de projet qui envisagent de s\u2019installer ainsi qu\u2019aux mara\u00eechers d\u00e9j\u00e0 en activit\u00e9.\" \/>\n<meta name=\"robots\" content=\"index, follow, max-snippet:-1, max-image-preview:large, max-video-preview:-1\" \/>\n<link rel=\"canonical\" href=\"https:\/\/www.ebra-semoir.fr\/en\/formation-reussir-son-installation-en-maraichage-sol-vivant\/\" \/>\n<meta property=\"og:locale\" content=\"en_US\" \/>\n<meta property=\"og:type\" content=\"article\" \/>\n<meta property=\"og:title\" content=\"Formation \u00ab R\u00e9ussir son installation en Mara\u00eechage Sol Vivant \u00bb - Semoirs Ebra\" \/>\n<meta property=\"og:description\" content=\"Cette formation s\u2019adresse aux porteurs de projet qui envisagent de s\u2019installer ainsi qu\u2019aux mara\u00eechers d\u00e9j\u00e0 en activit\u00e9.\" \/>\n<meta property=\"og:url\" content=\"https:\/\/www.ebra-semoir.fr\/en\/formation-reussir-son-installation-en-maraichage-sol-vivant\/\" \/>\n<meta property=\"og:site_name\" content=\"Semoirs Ebra\" \/>\n<meta property=\"article:published_time\" content=\"2025-12-12T06:00:00+00:00\" \/>\n<meta property=\"article:modified_time\" content=\"2025-12-12T07:24:01+00:00\" \/>\n<meta property=\"og:image\" content=\"https:\/\/www.ebra-semoir.fr\/wp-content\/uploads\/2025\/12\/Formation-maraichage-VER-DE-TERRE.jpg\" \/>\n\t<meta property=\"og:image:width\" content=\"1380\" \/>\n\t<meta property=\"og:image:height\" content=\"718\" \/>\n\t<meta property=\"og:image:type\" content=\"image\/jpeg\" \/>\n<meta name=\"author\" content=\"Pierre Vassort\" \/>\n<meta name=\"twitter:card\" content=\"summary_large_image\" \/>\n<meta name=\"twitter:label1\" content=\"Written by\" \/>\n\t<meta name=\"twitter:data1\" content=\"Pierre Vassort\" \/>\n\t<meta name=\"twitter:label2\" content=\"Est. reading time\" \/>\n\t<meta name=\"twitter:data2\" content=\"3 minutes\" \/>\n<script type=\"application\/ld+json\" class=\"yoast-schema-graph\">{\"@context\":\"https:\\\/\\\/schema.org\",\"@graph\":[{\"@type\":\"Article\",\"@id\":\"https:\\\/\\\/www.ebra-semoir.fr\\\/formation-reussir-son-installation-en-maraichage-sol-vivant\\\/#article\",\"isPartOf\":{\"@id\":\"https:\\\/\\\/www.ebra-semoir.fr\\\/formation-reussir-son-installation-en-maraichage-sol-vivant\\\/\"},\"author\":{\"name\":\"Pierre Vassort\",\"@id\":\"https:\\\/\\\/www.ebra-semoir.fr\\\/#\\\/schema\\\/person\\\/4aa6af0498c7db97bcaae270f1d5b0f9\"},\"headline\":\"Formation \u00ab R\u00e9ussir son installation en Mara\u00eechage Sol Vivant \u00bb\",\"datePublished\":\"2025-12-12T06:00:00+00:00\",\"dateModified\":\"2025-12-12T07:24:01+00:00\",\"mainEntityOfPage\":{\"@id\":\"https:\\\/\\\/www.ebra-semoir.fr\\\/formation-reussir-son-installation-en-maraichage-sol-vivant\\\/\"},\"wordCount\":487,\"commentCount\":0,\"publisher\":{\"@id\":\"https:\\\/\\\/www.ebra-semoir.fr\\\/#organization\"},\"image\":{\"@id\":\"https:\\\/\\\/www.ebra-semoir.fr\\\/formation-reussir-son-installation-en-maraichage-sol-vivant\\\/#primaryimage\"},\"thumbnailUrl\":\"https:\\\/\\\/www.ebra-semoir.fr\\\/wp-content\\\/uploads\\\/2025\\\/12\\\/Formation-maraichage-VER-DE-TERRE.jpg\",\"articleSection\":[\"Cultures\"],\"inLanguage\":\"en-US\",\"potentialAction\":[{\"@type\":\"CommentAction\",\"name\":\"Comment\",\"target\":[\"https:\\\/\\\/www.ebra-semoir.fr\\\/formation-reussir-son-installation-en-maraichage-sol-vivant\\\/#respond\"]}]},{\"@type\":\"WebPage\",\"@id\":\"https:\\\/\\\/www.ebra-semoir.fr\\\/formation-reussir-son-installation-en-maraichage-sol-vivant\\\/\",\"url\":\"https:\\\/\\\/www.ebra-semoir.fr\\\/formation-reussir-son-installation-en-maraichage-sol-vivant\\\/\",\"name\":\"Formation \u00ab R\u00e9ussir son installation en Mara\u00eechage Sol Vivant \u00bb - Semoirs Ebra\",\"isPartOf\":{\"@id\":\"https:\\\/\\\/www.ebra-semoir.fr\\\/#website\"},\"primaryImageOfPage\":{\"@id\":\"https:\\\/\\\/www.ebra-semoir.fr\\\/formation-reussir-son-installation-en-maraichage-sol-vivant\\\/#primaryimage\"},\"image\":{\"@id\":\"https:\\\/\\\/www.ebra-semoir.fr\\\/formation-reussir-son-installation-en-maraichage-sol-vivant\\\/#primaryimage\"},\"thumbnailUrl\":\"https:\\\/\\\/www.ebra-semoir.fr\\\/wp-content\\\/uploads\\\/2025\\\/12\\\/Formation-maraichage-VER-DE-TERRE.jpg\",\"datePublished\":\"2025-12-12T06:00:00+00:00\",\"dateModified\":\"2025-12-12T07:24:01+00:00\",\"description\":\"Cette formation s\u2019adresse aux porteurs de projet qui envisagent de s\u2019installer ainsi qu\u2019aux mara\u00eechers d\u00e9j\u00e0 en activit\u00e9.\",\"breadcrumb\":{\"@id\":\"https:\\\/\\\/www.ebra-semoir.fr\\\/formation-reussir-son-installation-en-maraichage-sol-vivant\\\/#breadcrumb\"},\"inLanguage\":\"en-US\",\"potentialAction\":[{\"@type\":\"ReadAction\",\"target\":[\"https:\\\/\\\/www.ebra-semoir.fr\\\/formation-reussir-son-installation-en-maraichage-sol-vivant\\\/\"]}]},{\"@type\":\"ImageObject\",\"inLanguage\":\"en-US\",\"@id\":\"https:\\\/\\\/www.ebra-semoir.fr\\\/formation-reussir-son-installation-en-maraichage-sol-vivant\\\/#primaryimage\",\"url\":\"https:\\\/\\\/www.ebra-semoir.fr\\\/wp-content\\\/uploads\\\/2025\\\/12\\\/Formation-maraichage-VER-DE-TERRE.jpg\",\"contentUrl\":\"https:\\\/\\\/www.ebra-semoir.fr\\\/wp-content\\\/uploads\\\/2025\\\/12\\\/Formation-maraichage-VER-DE-TERRE.jpg\",\"width\":1380,\"height\":718},{\"@type\":\"BreadcrumbList\",\"@id\":\"https:\\\/\\\/www.ebra-semoir.fr\\\/formation-reussir-son-installation-en-maraichage-sol-vivant\\\/#breadcrumb\",\"itemListElement\":[{\"@type\":\"ListItem\",\"position\":1,\"name\":\"Accueil\",\"item\":\"https:\\\/\\\/www.ebra-semoir.fr\\\/\"},{\"@type\":\"ListItem\",\"position\":2,\"name\":\"Formation \u00ab R\u00e9ussir son installation en Mara\u00eechage Sol Vivant \u00bb\"}]},{\"@type\":\"WebSite\",\"@id\":\"https:\\\/\\\/www.ebra-semoir.fr\\\/#website\",\"url\":\"https:\\\/\\\/www.ebra-semoir.fr\\\/\",\"name\":\"Semoirs Ebra\",\"description\":\"Ebra - Les Semoirs de Pr\u00e9cision\",\"publisher\":{\"@id\":\"https:\\\/\\\/www.ebra-semoir.fr\\\/#organization\"},\"potentialAction\":[{\"@type\":\"SearchAction\",\"target\":{\"@type\":\"EntryPoint\",\"urlTemplate\":\"https:\\\/\\\/www.ebra-semoir.fr\\\/?s={search_term_string}\"},\"query-input\":{\"@type\":\"PropertyValueSpecification\",\"valueRequired\":true,\"valueName\":\"search_term_string\"}}],\"inLanguage\":\"en-US\"},{\"@type\":\"Organization\",\"@id\":\"https:\\\/\\\/www.ebra-semoir.fr\\\/#organization\",\"name\":\"Semoirs Ebra\",\"url\":\"https:\\\/\\\/www.ebra-semoir.fr\\\/\",\"logo\":{\"@type\":\"ImageObject\",\"inLanguage\":\"en-US\",\"@id\":\"https:\\\/\\\/www.ebra-semoir.fr\\\/#\\\/schema\\\/logo\\\/image\\\/\",\"url\":\"https:\\\/\\\/www.ebra-semoir.fr\\\/wp-content\\\/uploads\\\/2018\\\/05\\\/logo-ebra-white.png\",\"contentUrl\":\"https:\\\/\\\/www.ebra-semoir.fr\\\/wp-content\\\/uploads\\\/2018\\\/05\\\/logo-ebra-white.png\",\"width\":208,\"height\":78,\"caption\":\"Semoirs Ebra\"},\"image\":{\"@id\":\"https:\\\/\\\/www.ebra-semoir.fr\\\/#\\\/schema\\\/logo\\\/image\\\/\"}},{\"@type\":\"Person\",\"@id\":\"https:\\\/\\\/www.ebra-semoir.fr\\\/#\\\/schema\\\/person\\\/4aa6af0498c7db97bcaae270f1d5b0f9\",\"name\":\"Pierre Vassort\",\"image\":{\"@type\":\"ImageObject\",\"inLanguage\":\"en-US\",\"@id\":\"https:\\\/\\\/secure.gravatar.com\\\/avatar\\\/849ea5701c136c3d1c42b08075817298c321c441dd493e6573299dffdfa5da0e?s=96&d=mm&r=g\",\"url\":\"https:\\\/\\\/secure.gravatar.com\\\/avatar\\\/849ea5701c136c3d1c42b08075817298c321c441dd493e6573299dffdfa5da0e?s=96&d=mm&r=g\",\"contentUrl\":\"https:\\\/\\\/secure.gravatar.com\\\/avatar\\\/849ea5701c136c3d1c42b08075817298c321c441dd493e6573299dffdfa5da0e?s=96&d=mm&r=g\",\"caption\":\"Pierre Vassort\"},\"url\":\"https:\\\/\\\/www.ebra-semoir.fr\\\/en\\\/author\\\/pierre\\\/\"}]}<\/script>\n<!-- \/ Yoast SEO plugin. -->","yoast_head_json":{"title":"Formation \u00ab R\u00e9ussir son installation en Mara\u00eechage Sol Vivant \u00bb - Semoirs Ebra","description":"Cette formation s\u2019adresse aux porteurs de projet qui envisagent de s\u2019installer ainsi qu\u2019aux mara\u00eechers d\u00e9j\u00e0 en activit\u00e9.","robots":{"index":"index","follow":"follow","max-snippet":"max-snippet:-1","max-image-preview":"max-image-preview:large","max-video-preview":"max-video-preview:-1"},"canonical":"https:\/\/www.ebra-semoir.fr\/en\/formation-reussir-son-installation-en-maraichage-sol-vivant\/","og_locale":"en_US","og_type":"article","og_title":"Formation \u00ab R\u00e9ussir son installation en Mara\u00eechage Sol Vivant \u00bb - Semoirs Ebra","og_description":"Cette formation s\u2019adresse aux porteurs de projet qui envisagent de s\u2019installer ainsi qu\u2019aux mara\u00eechers d\u00e9j\u00e0 en activit\u00e9.","og_url":"https:\/\/www.ebra-semoir.fr\/en\/formation-reussir-son-installation-en-maraichage-sol-vivant\/","og_site_name":"Semoirs Ebra","article_published_time":"2025-12-12T06:00:00+00:00","article_modified_time":"2025-12-12T07:24:01+00:00","og_image":[{"width":1380,"height":718,"url":"https:\/\/www.ebra-semoir.fr\/wp-content\/uploads\/2025\/12\/Formation-maraichage-VER-DE-TERRE.jpg","type":"image\/jpeg"}],"author":"Pierre Vassort","twitter_card":"summary_large_image","twitter_misc":{"Written by":"Pierre Vassort","Est. reading time":"3 minutes"},"schema":{"@context":"https:\/\/schema.org","@graph":[{"@type":"Article","@id":"https:\/\/www.ebra-semoir.fr\/formation-reussir-son-installation-en-maraichage-sol-vivant\/#article","isPartOf":{"@id":"https:\/\/www.ebra-semoir.fr\/formation-reussir-son-installation-en-maraichage-sol-vivant\/"},"author":{"name":"Pierre Vassort","@id":"https:\/\/www.ebra-semoir.fr\/#\/schema\/person\/4aa6af0498c7db97bcaae270f1d5b0f9"},"headline":"Formation \u00ab R\u00e9ussir son installation en Mara\u00eechage Sol Vivant \u00bb","datePublished":"2025-12-12T06:00:00+00:00","dateModified":"2025-12-12T07:24:01+00:00","mainEntityOfPage":{"@id":"https:\/\/www.ebra-semoir.fr\/formation-reussir-son-installation-en-maraichage-sol-vivant\/"},"wordCount":487,"commentCount":0,"publisher":{"@id":"https:\/\/www.ebra-semoir.fr\/#organization"},"image":{"@id":"https:\/\/www.ebra-semoir.fr\/formation-reussir-son-installation-en-maraichage-sol-vivant\/#primaryimage"},"thumbnailUrl":"https:\/\/www.ebra-semoir.fr\/wp-content\/uploads\/2025\/12\/Formation-maraichage-VER-DE-TERRE.jpg","articleSection":["Cultures"],"inLanguage":"en-US","potentialAction":[{"@type":"CommentAction","name":"Comment","target":["https:\/\/www.ebra-semoir.fr\/formation-reussir-son-installation-en-maraichage-sol-vivant\/#respond"]}]},{"@type":"WebPage","@id":"https:\/\/www.ebra-semoir.fr\/formation-reussir-son-installation-en-maraichage-sol-vivant\/","url":"https:\/\/www.ebra-semoir.fr\/formation-reussir-son-installation-en-maraichage-sol-vivant\/","name":"Formation \u00ab R\u00e9ussir son installation en Mara\u00eechage Sol Vivant \u00bb - Semoirs Ebra","isPartOf":{"@id":"https:\/\/www.ebra-semoir.fr\/#website"},"primaryImageOfPage":{"@id":"https:\/\/www.ebra-semoir.fr\/formation-reussir-son-installation-en-maraichage-sol-vivant\/#primaryimage"},"image":{"@id":"https:\/\/www.ebra-semoir.fr\/formation-reussir-son-installation-en-maraichage-sol-vivant\/#primaryimage"},"thumbnailUrl":"https:\/\/www.ebra-semoir.fr\/wp-content\/uploads\/2025\/12\/Formation-maraichage-VER-DE-TERRE.jpg","datePublished":"2025-12-12T06:00:00+00:00","dateModified":"2025-12-12T07:24:01+00:00","description":"Cette formation s\u2019adresse aux porteurs de projet qui envisagent de s\u2019installer ainsi qu\u2019aux mara\u00eechers d\u00e9j\u00e0 en activit\u00e9.","breadcrumb":{"@id":"https:\/\/www.ebra-semoir.fr\/formation-reussir-son-installation-en-maraichage-sol-vivant\/#breadcrumb"},"inLanguage":"en-US","potentialAction":[{"@type":"ReadAction","target":["https:\/\/www.ebra-semoir.fr\/formation-reussir-son-installation-en-maraichage-sol-vivant\/"]}]},{"@type":"ImageObject","inLanguage":"en-US","@id":"https:\/\/www.ebra-semoir.fr\/formation-reussir-son-installation-en-maraichage-sol-vivant\/#primaryimage","url":"https:\/\/www.ebra-semoir.fr\/wp-content\/uploads\/2025\/12\/Formation-maraichage-VER-DE-TERRE.jpg","contentUrl":"https:\/\/www.ebra-semoir.fr\/wp-content\/uploads\/2025\/12\/Formation-maraichage-VER-DE-TERRE.jpg","width":1380,"height":718},{"@type":"BreadcrumbList","@id":"https:\/\/www.ebra-semoir.fr\/formation-reussir-son-installation-en-maraichage-sol-vivant\/#breadcrumb","itemListElement":[{"@type":"ListItem","position":1,"name":"Accueil","item":"https:\/\/www.ebra-semoir.fr\/"},{"@type":"ListItem","position":2,"name":"Formation \u00ab R\u00e9ussir son installation en Mara\u00eechage Sol Vivant \u00bb"}]},{"@type":"WebSite","@id":"https:\/\/www.ebra-semoir.fr\/#website","url":"https:\/\/www.ebra-semoir.fr\/","name":"Semoirs Ebra","description":"Ebra - Les Semoirs de Pr\u00e9cision","publisher":{"@id":"https:\/\/www.ebra-semoir.fr\/#organization"},"potentialAction":[{"@type":"SearchAction","target":{"@type":"EntryPoint","urlTemplate":"https:\/\/www.ebra-semoir.fr\/?s={search_term_string}"},"query-input":{"@type":"PropertyValueSpecification","valueRequired":true,"valueName":"search_term_string"}}],"inLanguage":"en-US"},{"@type":"Organization","@id":"https:\/\/www.ebra-semoir.fr\/#organization","name":"Semoirs Ebra","url":"https:\/\/www.ebra-semoir.fr\/","logo":{"@type":"ImageObject","inLanguage":"en-US","@id":"https:\/\/www.ebra-semoir.fr\/#\/schema\/logo\/image\/","url":"https:\/\/www.ebra-semoir.fr\/wp-content\/uploads\/2018\/05\/logo-ebra-white.png","contentUrl":"https:\/\/www.ebra-semoir.fr\/wp-content\/uploads\/2018\/05\/logo-ebra-white.png","width":208,"height":78,"caption":"Semoirs Ebra"},"image":{"@id":"https:\/\/www.ebra-semoir.fr\/#\/schema\/logo\/image\/"}},{"@type":"Person","@id":"https:\/\/www.ebra-semoir.fr\/#\/schema\/person\/4aa6af0498c7db97bcaae270f1d5b0f9","name":"Pierre Vassort","image":{"@type":"ImageObject","inLanguage":"en-US","@id":"https:\/\/secure.gravatar.com\/avatar\/849ea5701c136c3d1c42b08075817298c321c441dd493e6573299dffdfa5da0e?s=96&d=mm&r=g","url":"https:\/\/secure.gravatar.com\/avatar\/849ea5701c136c3d1c42b08075817298c321c441dd493e6573299dffdfa5da0e?s=96&d=mm&r=g","contentUrl":"https:\/\/secure.gravatar.com\/avatar\/849ea5701c136c3d1c42b08075817298c321c441dd493e6573299dffdfa5da0e?s=96&d=mm&r=g","caption":"Pierre Vassort"},"url":"https:\/\/www.ebra-semoir.fr\/en\/author\/pierre\/"}]}},"_links":{"self":[{"href":"https:\/\/www.ebra-semoir.fr\/en\/wp-json\/wp\/v2\/posts\/27195","targetHints":{"allow":["GET"]}}],"collection":[{"href":"https:\/\/www.ebra-semoir.fr\/en\/wp-json\/wp\/v2\/posts"}],"about":[{"href":"https:\/\/www.ebra-semoir.fr\/en\/wp-json\/wp\/v2\/types\/post"}],"author":[{"embeddable":true,"href":"https:\/\/www.ebra-semoir.fr\/en\/wp-json\/wp\/v2\/users\/19"}],"replies":[{"embeddable":true,"href":"https:\/\/www.ebra-semoir.fr\/en\/wp-json\/wp\/v2\/comments?post=27195"}],"version-history":[{"count":2,"href":"https:\/\/www.ebra-semoir.fr\/en\/wp-json\/wp\/v2\/posts\/27195\/revisions"}],"predecessor-version":[{"id":27198,"href":"https:\/\/www.ebra-semoir.fr\/en\/wp-json\/wp\/v2\/posts\/27195\/revisions\/27198"}],"wp:featuredmedia":[{"embeddable":true,"href":"https:\/\/www.ebra-semoir.fr\/en\/wp-json\/wp\/v2\/media\/27196"}],"wp:attachment":[{"href":"https:\/\/www.ebra-semoir.fr\/en\/wp-json\/wp\/v2\/media?parent=27195"}],"wp:term":[{"taxonomy":"category","embeddable":true,"href":"https:\/\/www.ebra-semoir.fr\/en\/wp-json\/wp\/v2\/categories?post=27195"},{"taxonomy":"post_tag","embeddable":true,"href":"https:\/\/www.ebra-semoir.fr\/en\/wp-json\/wp\/v2\/tags?post=27195"}],"curies":[{"name":"wp","href":"https:\/\/api.w.org\/{rel}","templated":true}]}}