{"id":8347,"date":"2018-08-19T21:45:05","date_gmt":"2018-08-19T21:45:05","guid":{"rendered":"https:\/\/sepeba-ebra.com\/2018\/08\/19\/maitriser-le-semis-en-rangs-serres-2\/"},"modified":"2019-11-26T22:10:34","modified_gmt":"2019-11-26T22:10:34","slug":"se-diversifier-avec-les-legumes-dantan","status":"publish","type":"post","link":"https:\/\/www.ebra-semoir.fr\/en\/se-diversifier-avec-les-legumes-dantan\/","title":{"rendered":"Se diversifier avec les l\u00e9gumes d&rsquo;antan"},"content":{"rendered":"<div data-elementor-type=\"wp-post\" data-elementor-id=\"8347\" class=\"elementor elementor-8347\" data-elementor-post-type=\"post\">\n\t\t\t\t\t\t<section class=\"elementor-section elementor-top-section elementor-element elementor-element-51f6793 elementor-section-full_width elementor-section-height-default elementor-section-height-default\" data-id=\"51f6793\" data-element_type=\"section\" data-e-type=\"section\">\n\t\t\t\t\t\t<div class=\"elementor-container elementor-column-gap-no\">\n\t\t\t\t\t<div class=\"elementor-column elementor-col-100 elementor-top-column elementor-element elementor-element-cf1f4b6\" data-id=\"cf1f4b6\" data-element_type=\"column\" data-e-type=\"column\">\n\t\t\t<div class=\"elementor-widget-wrap elementor-element-populated\">\n\t\t\t\t\t\t<div class=\"elementor-element elementor-element-9baea13 elementor-drop-cap-yes elementor-drop-cap-view-framed elementor-widget elementor-widget-text-editor\" data-id=\"9baea13\" data-element_type=\"widget\" data-e-type=\"widget\" data-settings=\"{&quot;drop_cap&quot;:&quot;yes&quot;}\" data-widget_type=\"text-editor.default\">\n\t\t\t\t<div class=\"elementor-widget-container\">\n\t\t\t\t\t\t\t\t\t<p>Revenus \u00e0 la mode, les l\u00e9gumes anciens font un tabac. Ils repr\u00e9sentent 5% des ventes de l\u00e9gumes en France et sont tr\u00e8s pris\u00e9s pour les f\u00eates de fin d&rsquo;ann\u00e9e. <span style=\"font-size: 16.8px;\">Fi\u00e8re de son succ\u00e8s, la fili\u00e8re des l\u00e9gumes anciens ou oubli\u00e9s semble chaque ann\u00e9e un peu plus promise \u00e0 un bel avenir. Les consommateurs se les r\u00e9approprient petit \u00e0 petit, vari\u00e9t\u00e9 apr\u00e8s vari\u00e9t\u00e9. Cela a commenc\u00e9 par le retour du topinambour puis du panais, anc\u00eatre de la carotte, et c&rsquo;est maintenant au tour du cerfeuil et du persil tub\u00e9reux ainsi que du crosne.<\/span><\/p>\n<h2 class=\"css-1trbs3s e197bajz0\">Un succ\u00e8s initi\u00e9 par les restaurateurs<\/h2>\n<p class=\"css-s6jpj4 ekabp3u0\">R\u00e9sultat, ces l\u00e9gumes sont mis en valeur par les enseignes dans leur rayon avec des places privil\u00e9gi\u00e9es dans des corbeilles en osier et des fiches recettes. Mais le succ\u00e8s des l\u00e9gumes anciens est aussi suscit\u00e9 par les chefs. C&rsquo;est un march\u00e9 porteur qui se d\u00e9veloppe gr\u00e2ce aux restaurateurs qui ont su donner une large place aux l\u00e9gumes anciens sur leurs cartes.<\/p>\n<h2>Autre cl\u00e9 du succ\u00e8s: les qualit\u00e9s nutritives de ces produits.<\/h2>\n<p>Les l\u00e9gumes anciens repr\u00e9sentent un excellent apport de fibres, de vitamines et de sels min\u00e9raux ainsi que de glucides type sucres lents. Avec une sp\u00e9cificit\u00e9 pour le topinambour, qui a une r\u00e9serve d&rsquo;inuline, qui a la particularit\u00e9 de ne pas \u00e9lever la glyc\u00e9mie. <br><\/p><p>Ainsi tr\u00e8s adapt\u00e9s aux recherches de go\u00fbts \u00ab\u00a0nouveaux\u00a0\u00bb et d&rsquo;une alimentation de qualit\u00e9, ils reviennent en force, et voil\u00e0 un renouveau qui fait plaisir \u00e0 voir.<br><\/p>\n<p>La demande du consommateur est l\u00e0. A vous de jouer !<\/p>\t\t\t\t\t\t\t\t<\/div>\n\t\t\t\t<\/div>\n\t\t\t\t\t<\/div>\n\t\t<\/div>\n\t\t\t\t\t<\/div>\n\t\t<\/section>\n\t\t\t\t<\/div>","protected":false},"excerpt":{"rendered":"<p>Revenus \u00e0 la mode, les l\u00e9gumes anciens font un tabac. Ils repr\u00e9sentent 5% des ventes de l\u00e9gumes en France et sont tr\u00e8s pris\u00e9s pour les f\u00eates de fin d&rsquo;ann\u00e9e. Fi\u00e8re de son succ\u00e8s, la fili\u00e8re des l\u00e9gumes anciens ou oubli\u00e9s semble chaque ann\u00e9e un peu plus promise \u00e0 un bel avenir. Les consommateurs se les [&hellip;]<\/p>\n","protected":false},"author":4,"featured_media":11990,"comment_status":"closed","ping_status":"open","sticky":false,"template":"","format":"standard","meta":{"_gspb_post_css":"","footnotes":""},"categories":[1,4],"tags":[],"class_list":["post-8347","post","type-post","status-publish","format-standard","has-post-thumbnail","hentry","category-cultures","category-meilleures-pratiques","entry","has-media","owp-thumbs-layout-horizontal","owp-btn-normal","owp-tabs-layout-horizontal","has-no-thumbnails"],"yoast_head":"<!-- This site is optimized with the Yoast SEO plugin v27.5 - https:\/\/yoast.com\/product\/yoast-seo-wordpress\/ -->\n<title>Se diversifier avec les l\u00e9gumes d&#039;antan - Semoirs Ebra<\/title>\n<meta name=\"robots\" content=\"index, follow, max-snippet:-1, max-image-preview:large, max-video-preview:-1\" \/>\n<link rel=\"canonical\" href=\"https:\/\/www.ebra-semoir.fr\/en\/se-diversifier-avec-les-legumes-dantan\/\" \/>\n<meta property=\"og:locale\" content=\"en_US\" \/>\n<meta property=\"og:type\" content=\"article\" \/>\n<meta property=\"og:title\" content=\"Se diversifier avec les l\u00e9gumes d&#039;antan - Semoirs Ebra\" \/>\n<meta property=\"og:description\" content=\"Revenus \u00e0 la mode, les l\u00e9gumes anciens font un tabac. Ils repr\u00e9sentent 5% des ventes de l\u00e9gumes en France et sont tr\u00e8s pris\u00e9s pour les f\u00eates de fin d&rsquo;ann\u00e9e. Fi\u00e8re de son succ\u00e8s, la fili\u00e8re des l\u00e9gumes anciens ou oubli\u00e9s semble chaque ann\u00e9e un peu plus promise \u00e0 un bel avenir. Les consommateurs se les [&hellip;]\" \/>\n<meta property=\"og:url\" content=\"https:\/\/www.ebra-semoir.fr\/en\/se-diversifier-avec-les-legumes-dantan\/\" \/>\n<meta property=\"og:site_name\" content=\"Semoirs Ebra\" \/>\n<meta property=\"article:published_time\" content=\"2018-08-19T21:45:05+00:00\" \/>\n<meta property=\"article:modified_time\" content=\"2019-11-26T22:10:34+00:00\" \/>\n<meta property=\"og:image\" content=\"https:\/\/www.ebra-semoir.fr\/wp-content\/uploads\/2018\/08\/antan-02.jpg\" \/>\n\t<meta property=\"og:image:width\" content=\"1187\" \/>\n\t<meta property=\"og:image:height\" content=\"808\" \/>\n\t<meta property=\"og:image:type\" content=\"image\/jpeg\" \/>\n<meta name=\"author\" content=\"Fran\u00e7ois Chauchet\" \/>\n<meta name=\"twitter:card\" content=\"summary_large_image\" \/>\n<meta name=\"twitter:label1\" content=\"Written by\" \/>\n\t<meta name=\"twitter:data1\" content=\"Fran\u00e7ois Chauchet\" \/>\n\t<meta name=\"twitter:label2\" content=\"Est. reading time\" \/>\n\t<meta name=\"twitter:data2\" content=\"1 minute\" \/>\n<script type=\"application\/ld+json\" class=\"yoast-schema-graph\">{\"@context\":\"https:\\\/\\\/schema.org\",\"@graph\":[{\"@type\":\"Article\",\"@id\":\"https:\\\/\\\/www.ebra-semoir.fr\\\/se-diversifier-avec-les-legumes-dantan\\\/#article\",\"isPartOf\":{\"@id\":\"https:\\\/\\\/www.ebra-semoir.fr\\\/se-diversifier-avec-les-legumes-dantan\\\/\"},\"author\":{\"name\":\"Fran\u00e7ois Chauchet\",\"@id\":\"https:\\\/\\\/www.ebra-semoir.fr\\\/#\\\/schema\\\/person\\\/4862d991220c2523dc2714077354f2ac\"},\"headline\":\"Se diversifier avec les l\u00e9gumes d&rsquo;antan\",\"datePublished\":\"2018-08-19T21:45:05+00:00\",\"dateModified\":\"2019-11-26T22:10:34+00:00\",\"mainEntityOfPage\":{\"@id\":\"https:\\\/\\\/www.ebra-semoir.fr\\\/se-diversifier-avec-les-legumes-dantan\\\/\"},\"wordCount\":296,\"publisher\":{\"@id\":\"https:\\\/\\\/www.ebra-semoir.fr\\\/#organization\"},\"image\":{\"@id\":\"https:\\\/\\\/www.ebra-semoir.fr\\\/se-diversifier-avec-les-legumes-dantan\\\/#primaryimage\"},\"thumbnailUrl\":\"https:\\\/\\\/www.ebra-semoir.fr\\\/wp-content\\\/uploads\\\/2018\\\/08\\\/antan-02.jpg\",\"articleSection\":[\"Cultures\",\"Meilleures Pratiques\"],\"inLanguage\":\"en-US\"},{\"@type\":\"WebPage\",\"@id\":\"https:\\\/\\\/www.ebra-semoir.fr\\\/se-diversifier-avec-les-legumes-dantan\\\/\",\"url\":\"https:\\\/\\\/www.ebra-semoir.fr\\\/se-diversifier-avec-les-legumes-dantan\\\/\",\"name\":\"Se diversifier avec les l\u00e9gumes d'antan - Semoirs Ebra\",\"isPartOf\":{\"@id\":\"https:\\\/\\\/www.ebra-semoir.fr\\\/#website\"},\"primaryImageOfPage\":{\"@id\":\"https:\\\/\\\/www.ebra-semoir.fr\\\/se-diversifier-avec-les-legumes-dantan\\\/#primaryimage\"},\"image\":{\"@id\":\"https:\\\/\\\/www.ebra-semoir.fr\\\/se-diversifier-avec-les-legumes-dantan\\\/#primaryimage\"},\"thumbnailUrl\":\"https:\\\/\\\/www.ebra-semoir.fr\\\/wp-content\\\/uploads\\\/2018\\\/08\\\/antan-02.jpg\",\"datePublished\":\"2018-08-19T21:45:05+00:00\",\"dateModified\":\"2019-11-26T22:10:34+00:00\",\"breadcrumb\":{\"@id\":\"https:\\\/\\\/www.ebra-semoir.fr\\\/se-diversifier-avec-les-legumes-dantan\\\/#breadcrumb\"},\"inLanguage\":\"en-US\",\"potentialAction\":[{\"@type\":\"ReadAction\",\"target\":[\"https:\\\/\\\/www.ebra-semoir.fr\\\/se-diversifier-avec-les-legumes-dantan\\\/\"]}]},{\"@type\":\"ImageObject\",\"inLanguage\":\"en-US\",\"@id\":\"https:\\\/\\\/www.ebra-semoir.fr\\\/se-diversifier-avec-les-legumes-dantan\\\/#primaryimage\",\"url\":\"https:\\\/\\\/www.ebra-semoir.fr\\\/wp-content\\\/uploads\\\/2018\\\/08\\\/antan-02.jpg\",\"contentUrl\":\"https:\\\/\\\/www.ebra-semoir.fr\\\/wp-content\\\/uploads\\\/2018\\\/08\\\/antan-02.jpg\",\"width\":1187,\"height\":808,\"caption\":\"legumes d'antan\"},{\"@type\":\"BreadcrumbList\",\"@id\":\"https:\\\/\\\/www.ebra-semoir.fr\\\/se-diversifier-avec-les-legumes-dantan\\\/#breadcrumb\",\"itemListElement\":[{\"@type\":\"ListItem\",\"position\":1,\"name\":\"Accueil\",\"item\":\"https:\\\/\\\/www.ebra-semoir.fr\\\/\"},{\"@type\":\"ListItem\",\"position\":2,\"name\":\"Se diversifier avec les l\u00e9gumes d&rsquo;antan\"}]},{\"@type\":\"WebSite\",\"@id\":\"https:\\\/\\\/www.ebra-semoir.fr\\\/#website\",\"url\":\"https:\\\/\\\/www.ebra-semoir.fr\\\/\",\"name\":\"Semoirs Ebra\",\"description\":\"Ebra - Les Semoirs de Pr\u00e9cision\",\"publisher\":{\"@id\":\"https:\\\/\\\/www.ebra-semoir.fr\\\/#organization\"},\"potentialAction\":[{\"@type\":\"SearchAction\",\"target\":{\"@type\":\"EntryPoint\",\"urlTemplate\":\"https:\\\/\\\/www.ebra-semoir.fr\\\/?s={search_term_string}\"},\"query-input\":{\"@type\":\"PropertyValueSpecification\",\"valueRequired\":true,\"valueName\":\"search_term_string\"}}],\"inLanguage\":\"en-US\"},{\"@type\":\"Organization\",\"@id\":\"https:\\\/\\\/www.ebra-semoir.fr\\\/#organization\",\"name\":\"Semoirs Ebra\",\"url\":\"https:\\\/\\\/www.ebra-semoir.fr\\\/\",\"logo\":{\"@type\":\"ImageObject\",\"inLanguage\":\"en-US\",\"@id\":\"https:\\\/\\\/www.ebra-semoir.fr\\\/#\\\/schema\\\/logo\\\/image\\\/\",\"url\":\"https:\\\/\\\/www.ebra-semoir.fr\\\/wp-content\\\/uploads\\\/2018\\\/05\\\/logo-ebra-white.png\",\"contentUrl\":\"https:\\\/\\\/www.ebra-semoir.fr\\\/wp-content\\\/uploads\\\/2018\\\/05\\\/logo-ebra-white.png\",\"width\":208,\"height\":78,\"caption\":\"Semoirs Ebra\"},\"image\":{\"@id\":\"https:\\\/\\\/www.ebra-semoir.fr\\\/#\\\/schema\\\/logo\\\/image\\\/\"}},{\"@type\":\"Person\",\"@id\":\"https:\\\/\\\/www.ebra-semoir.fr\\\/#\\\/schema\\\/person\\\/4862d991220c2523dc2714077354f2ac\",\"name\":\"Fran\u00e7ois Chauchet\",\"image\":{\"@type\":\"ImageObject\",\"inLanguage\":\"en-US\",\"@id\":\"https:\\\/\\\/secure.gravatar.com\\\/avatar\\\/a31f304f85b8bfdd51c18618d318258fb8dd5f603cdd567470857bb057644103?s=96&d=mm&r=g\",\"url\":\"https:\\\/\\\/secure.gravatar.com\\\/avatar\\\/a31f304f85b8bfdd51c18618d318258fb8dd5f603cdd567470857bb057644103?s=96&d=mm&r=g\",\"contentUrl\":\"https:\\\/\\\/secure.gravatar.com\\\/avatar\\\/a31f304f85b8bfdd51c18618d318258fb8dd5f603cdd567470857bb057644103?s=96&d=mm&r=g\",\"caption\":\"Fran\u00e7ois Chauchet\"},\"url\":\"https:\\\/\\\/www.ebra-semoir.fr\\\/en\\\/author\\\/francois\\\/\"}]}<\/script>\n<!-- \/ Yoast SEO plugin. -->","yoast_head_json":{"title":"Se diversifier avec les l\u00e9gumes d'antan - Semoirs Ebra","robots":{"index":"index","follow":"follow","max-snippet":"max-snippet:-1","max-image-preview":"max-image-preview:large","max-video-preview":"max-video-preview:-1"},"canonical":"https:\/\/www.ebra-semoir.fr\/en\/se-diversifier-avec-les-legumes-dantan\/","og_locale":"en_US","og_type":"article","og_title":"Se diversifier avec les l\u00e9gumes d'antan - Semoirs Ebra","og_description":"Revenus \u00e0 la mode, les l\u00e9gumes anciens font un tabac. Ils repr\u00e9sentent 5% des ventes de l\u00e9gumes en France et sont tr\u00e8s pris\u00e9s pour les f\u00eates de fin d&rsquo;ann\u00e9e. Fi\u00e8re de son succ\u00e8s, la fili\u00e8re des l\u00e9gumes anciens ou oubli\u00e9s semble chaque ann\u00e9e un peu plus promise \u00e0 un bel avenir. Les consommateurs se les [&hellip;]","og_url":"https:\/\/www.ebra-semoir.fr\/en\/se-diversifier-avec-les-legumes-dantan\/","og_site_name":"Semoirs Ebra","article_published_time":"2018-08-19T21:45:05+00:00","article_modified_time":"2019-11-26T22:10:34+00:00","og_image":[{"width":1187,"height":808,"url":"https:\/\/www.ebra-semoir.fr\/wp-content\/uploads\/2018\/08\/antan-02.jpg","type":"image\/jpeg"}],"author":"Fran\u00e7ois Chauchet","twitter_card":"summary_large_image","twitter_misc":{"Written by":"Fran\u00e7ois Chauchet","Est. reading time":"1 minute"},"schema":{"@context":"https:\/\/schema.org","@graph":[{"@type":"Article","@id":"https:\/\/www.ebra-semoir.fr\/se-diversifier-avec-les-legumes-dantan\/#article","isPartOf":{"@id":"https:\/\/www.ebra-semoir.fr\/se-diversifier-avec-les-legumes-dantan\/"},"author":{"name":"Fran\u00e7ois Chauchet","@id":"https:\/\/www.ebra-semoir.fr\/#\/schema\/person\/4862d991220c2523dc2714077354f2ac"},"headline":"Se diversifier avec les l\u00e9gumes d&rsquo;antan","datePublished":"2018-08-19T21:45:05+00:00","dateModified":"2019-11-26T22:10:34+00:00","mainEntityOfPage":{"@id":"https:\/\/www.ebra-semoir.fr\/se-diversifier-avec-les-legumes-dantan\/"},"wordCount":296,"publisher":{"@id":"https:\/\/www.ebra-semoir.fr\/#organization"},"image":{"@id":"https:\/\/www.ebra-semoir.fr\/se-diversifier-avec-les-legumes-dantan\/#primaryimage"},"thumbnailUrl":"https:\/\/www.ebra-semoir.fr\/wp-content\/uploads\/2018\/08\/antan-02.jpg","articleSection":["Cultures","Meilleures Pratiques"],"inLanguage":"en-US"},{"@type":"WebPage","@id":"https:\/\/www.ebra-semoir.fr\/se-diversifier-avec-les-legumes-dantan\/","url":"https:\/\/www.ebra-semoir.fr\/se-diversifier-avec-les-legumes-dantan\/","name":"Se diversifier avec les l\u00e9gumes d'antan - Semoirs Ebra","isPartOf":{"@id":"https:\/\/www.ebra-semoir.fr\/#website"},"primaryImageOfPage":{"@id":"https:\/\/www.ebra-semoir.fr\/se-diversifier-avec-les-legumes-dantan\/#primaryimage"},"image":{"@id":"https:\/\/www.ebra-semoir.fr\/se-diversifier-avec-les-legumes-dantan\/#primaryimage"},"thumbnailUrl":"https:\/\/www.ebra-semoir.fr\/wp-content\/uploads\/2018\/08\/antan-02.jpg","datePublished":"2018-08-19T21:45:05+00:00","dateModified":"2019-11-26T22:10:34+00:00","breadcrumb":{"@id":"https:\/\/www.ebra-semoir.fr\/se-diversifier-avec-les-legumes-dantan\/#breadcrumb"},"inLanguage":"en-US","potentialAction":[{"@type":"ReadAction","target":["https:\/\/www.ebra-semoir.fr\/se-diversifier-avec-les-legumes-dantan\/"]}]},{"@type":"ImageObject","inLanguage":"en-US","@id":"https:\/\/www.ebra-semoir.fr\/se-diversifier-avec-les-legumes-dantan\/#primaryimage","url":"https:\/\/www.ebra-semoir.fr\/wp-content\/uploads\/2018\/08\/antan-02.jpg","contentUrl":"https:\/\/www.ebra-semoir.fr\/wp-content\/uploads\/2018\/08\/antan-02.jpg","width":1187,"height":808,"caption":"legumes d'antan"},{"@type":"BreadcrumbList","@id":"https:\/\/www.ebra-semoir.fr\/se-diversifier-avec-les-legumes-dantan\/#breadcrumb","itemListElement":[{"@type":"ListItem","position":1,"name":"Accueil","item":"https:\/\/www.ebra-semoir.fr\/"},{"@type":"ListItem","position":2,"name":"Se diversifier avec les l\u00e9gumes d&rsquo;antan"}]},{"@type":"WebSite","@id":"https:\/\/www.ebra-semoir.fr\/#website","url":"https:\/\/www.ebra-semoir.fr\/","name":"Semoirs Ebra","description":"Ebra - Les Semoirs de Pr\u00e9cision","publisher":{"@id":"https:\/\/www.ebra-semoir.fr\/#organization"},"potentialAction":[{"@type":"SearchAction","target":{"@type":"EntryPoint","urlTemplate":"https:\/\/www.ebra-semoir.fr\/?s={search_term_string}"},"query-input":{"@type":"PropertyValueSpecification","valueRequired":true,"valueName":"search_term_string"}}],"inLanguage":"en-US"},{"@type":"Organization","@id":"https:\/\/www.ebra-semoir.fr\/#organization","name":"Semoirs Ebra","url":"https:\/\/www.ebra-semoir.fr\/","logo":{"@type":"ImageObject","inLanguage":"en-US","@id":"https:\/\/www.ebra-semoir.fr\/#\/schema\/logo\/image\/","url":"https:\/\/www.ebra-semoir.fr\/wp-content\/uploads\/2018\/05\/logo-ebra-white.png","contentUrl":"https:\/\/www.ebra-semoir.fr\/wp-content\/uploads\/2018\/05\/logo-ebra-white.png","width":208,"height":78,"caption":"Semoirs Ebra"},"image":{"@id":"https:\/\/www.ebra-semoir.fr\/#\/schema\/logo\/image\/"}},{"@type":"Person","@id":"https:\/\/www.ebra-semoir.fr\/#\/schema\/person\/4862d991220c2523dc2714077354f2ac","name":"Fran\u00e7ois Chauchet","image":{"@type":"ImageObject","inLanguage":"en-US","@id":"https:\/\/secure.gravatar.com\/avatar\/a31f304f85b8bfdd51c18618d318258fb8dd5f603cdd567470857bb057644103?s=96&d=mm&r=g","url":"https:\/\/secure.gravatar.com\/avatar\/a31f304f85b8bfdd51c18618d318258fb8dd5f603cdd567470857bb057644103?s=96&d=mm&r=g","contentUrl":"https:\/\/secure.gravatar.com\/avatar\/a31f304f85b8bfdd51c18618d318258fb8dd5f603cdd567470857bb057644103?s=96&d=mm&r=g","caption":"Fran\u00e7ois Chauchet"},"url":"https:\/\/www.ebra-semoir.fr\/en\/author\/francois\/"}]}},"_links":{"self":[{"href":"https:\/\/www.ebra-semoir.fr\/en\/wp-json\/wp\/v2\/posts\/8347","targetHints":{"allow":["GET"]}}],"collection":[{"href":"https:\/\/www.ebra-semoir.fr\/en\/wp-json\/wp\/v2\/posts"}],"about":[{"href":"https:\/\/www.ebra-semoir.fr\/en\/wp-json\/wp\/v2\/types\/post"}],"author":[{"embeddable":true,"href":"https:\/\/www.ebra-semoir.fr\/en\/wp-json\/wp\/v2\/users\/4"}],"replies":[{"embeddable":true,"href":"https:\/\/www.ebra-semoir.fr\/en\/wp-json\/wp\/v2\/comments?post=8347"}],"version-history":[{"count":0,"href":"https:\/\/www.ebra-semoir.fr\/en\/wp-json\/wp\/v2\/posts\/8347\/revisions"}],"wp:featuredmedia":[{"embeddable":true,"href":"https:\/\/www.ebra-semoir.fr\/en\/wp-json\/wp\/v2\/media\/11990"}],"wp:attachment":[{"href":"https:\/\/www.ebra-semoir.fr\/en\/wp-json\/wp\/v2\/media?parent=8347"}],"wp:term":[{"taxonomy":"category","embeddable":true,"href":"https:\/\/www.ebra-semoir.fr\/en\/wp-json\/wp\/v2\/categories?post=8347"},{"taxonomy":"post_tag","embeddable":true,"href":"https:\/\/www.ebra-semoir.fr\/en\/wp-json\/wp\/v2\/tags?post=8347"}],"curies":[{"name":"wp","href":"https:\/\/api.w.org\/{rel}","templated":true}]}}