{"id":8351,"date":"2018-08-19T21:45:05","date_gmt":"2018-08-19T21:45:05","guid":{"rendered":"https:\/\/sepeba-ebra.com\/2018\/08\/19\/un-maraicher-bio-partage-son-experience-2\/"},"modified":"2020-03-01T22:15:57","modified_gmt":"2020-03-01T22:15:57","slug":"le-metier-vital-de-maraicher","status":"publish","type":"post","link":"https:\/\/www.ebra-semoir.fr\/en\/le-metier-vital-de-maraicher\/","title":{"rendered":"Le m\u00e9tier vital de Mara\u00eecher"},"content":{"rendered":"<div data-elementor-type=\"wp-post\" data-elementor-id=\"8351\" class=\"elementor elementor-8351\" data-elementor-post-type=\"post\">\n\t\t\t\t\t\t<section class=\"elementor-section elementor-top-section elementor-element elementor-element-a118ddc elementor-section-full_width elementor-section-height-default elementor-section-height-default\" data-id=\"a118ddc\" data-element_type=\"section\" data-e-type=\"section\">\n\t\t\t\t\t\t<div class=\"elementor-container elementor-column-gap-no\">\n\t\t\t\t\t<div class=\"elementor-column elementor-col-100 elementor-top-column elementor-element elementor-element-2224492\" data-id=\"2224492\" data-element_type=\"column\" data-e-type=\"column\">\n\t\t\t<div class=\"elementor-widget-wrap elementor-element-populated\">\n\t\t\t\t\t\t<div class=\"elementor-element elementor-element-b0337e6 elementor-widget elementor-widget-text-editor\" data-id=\"b0337e6\" data-element_type=\"widget\" data-e-type=\"widget\" data-widget_type=\"text-editor.default\">\n\t\t\t\t<div class=\"elementor-widget-container\">\n\t\t\t\t\t\t\t\t\t<p>Vital ! C&rsquo;est un mot bien choisi pour le m\u00e9tier d&rsquo;agriculteur, et pour celui de mara\u00eecher en particulier. Car \u00e0 l&rsquo;heure de la malbouffe et des \u00e9volutions de consommation qui poussent les consommateurs de la plupart des pays d\u00e9velopp\u00e9s \u00e0 s&rsquo;orienter vers une alimentation pratique et \u00e9conomique plut\u00f4t que saine et naturelle, la production de fruits et l\u00e9gumes de qualit\u00e9 prend tout son sens.<\/p><p>En effet, les bienfaits de la consommation r\u00e9guli\u00e8re de l\u00e9gumes n&rsquo;est plus \u00e0 d\u00e9montrer, et son apport en vitamines, min\u00e9raux et anti-oxydants en font le c\u0153ur d&rsquo;une nourriture saine. Et ceci est d&rsquo;autant plus vrai que les l\u00e9gumes sont consomm\u00e9s frais.<\/p><p>Dans cette mesure, le mara\u00eecher joue un r\u00f4le tout particulier dans notre soci\u00e9t\u00e9, en produisant, mais aussi bien souvent en mettant en march\u00e9 directement, ses l\u00e9gumes.\u00a0<\/p><p>Ainsi, le d\u00e9veloppement de tout un mara\u00eechage autour des villes, et l&rsquo;essor des circuits courts, voire tr\u00e8s courts dans le cas de la cueillette par le consommateur, assure un r\u00f4le important dans la pr\u00e9servation de la sant\u00e9. Et plus que cela, les contacts directs producteurs-consommateurs permettent un \u00e9change riche et vrai.<\/p><p>C&rsquo;est parce que nous sommes sensibles \u00e0 ces aspects que nous sommes particuli\u00e8rement heureux de mettre notre savoir-faire au service des mara\u00eechers. Nous voulons en effet leur proposer des mat\u00e9riels leur permettant de produire des l\u00e9gumes de qualit\u00e9 gr\u00e2ce \u00e0 un semis r\u00e9ussi et ma\u00eetris\u00e9, et ce pour une tr\u00e8s grande vari\u00e9t\u00e9 de graines, et m\u00eame sur des surfaces r\u00e9duites.<\/p><p>Nous voulons aussi leur permettre de r\u00e9aliser des \u00e9conomies de graines, d&rsquo;\u00e9viter les travaux particuli\u00e8rement p\u00e9nibles d&rsquo;\u00e9claircissage, et aussi un binage plus facile. \u00a0\u00a0\u00a0\u00a0<\/p><p>Ce sont certes des contributions modestes compte-tenu de la complexit\u00e9 de ce m\u00e9tier de mara\u00eecher, mais nous esp\u00e9rons que nos efforts aident d&rsquo;une fa\u00e7on significative ces gens dont nous respectons particuli\u00e8rement l&rsquo;engagement, bien conscients du r\u00f4le qu&rsquo;ils jouent dans notre soci\u00e9t\u00e9.<\/p>\t\t\t\t\t\t\t\t<\/div>\n\t\t\t\t<\/div>\n\t\t\t\t\t<\/div>\n\t\t<\/div>\n\t\t\t\t\t<\/div>\n\t\t<\/section>\n\t\t\t\t<\/div>","protected":false},"excerpt":{"rendered":"<p>Vital ! C&rsquo;est un mot bien choisi pour le m\u00e9tier d&rsquo;agriculteur, et pour celui de mara\u00eecher en particulier. Car \u00e0 l&rsquo;heure de la malbouffe et des \u00e9volutions de consommation qui poussent les consommateurs de la plupart des pays d\u00e9velopp\u00e9s \u00e0 s&rsquo;orienter vers une alimentation pratique et \u00e9conomique plut\u00f4t que saine et naturelle, la production de [&hellip;]<\/p>\n","protected":false},"author":4,"featured_media":11996,"comment_status":"closed","ping_status":"open","sticky":false,"template":"","format":"standard","meta":{"_gspb_post_css":"","footnotes":""},"categories":[9],"tags":[],"class_list":["post-8351","post","type-post","status-publish","format-standard","has-post-thumbnail","hentry","category-non-classifiee","entry","has-media","owp-thumbs-layout-horizontal","owp-btn-normal","owp-tabs-layout-horizontal","has-no-thumbnails"],"yoast_head":"<!-- This site is optimized with the Yoast SEO plugin v27.4 - https:\/\/yoast.com\/product\/yoast-seo-wordpress\/ -->\n<title>Le m\u00e9tier vital de Mara\u00eecher - Semoirs Ebra<\/title>\n<meta name=\"robots\" content=\"index, follow, max-snippet:-1, max-image-preview:large, max-video-preview:-1\" \/>\n<link rel=\"canonical\" href=\"https:\/\/www.ebra-semoir.fr\/en\/le-metier-vital-de-maraicher\/\" \/>\n<meta property=\"og:locale\" content=\"en_US\" \/>\n<meta property=\"og:type\" content=\"article\" \/>\n<meta property=\"og:title\" content=\"Le m\u00e9tier vital de Mara\u00eecher - Semoirs Ebra\" \/>\n<meta property=\"og:description\" content=\"Vital ! C&rsquo;est un mot bien choisi pour le m\u00e9tier d&rsquo;agriculteur, et pour celui de mara\u00eecher en particulier. Car \u00e0 l&rsquo;heure de la malbouffe et des \u00e9volutions de consommation qui poussent les consommateurs de la plupart des pays d\u00e9velopp\u00e9s \u00e0 s&rsquo;orienter vers une alimentation pratique et \u00e9conomique plut\u00f4t que saine et naturelle, la production de [&hellip;]\" \/>\n<meta property=\"og:url\" content=\"https:\/\/www.ebra-semoir.fr\/en\/le-metier-vital-de-maraicher\/\" \/>\n<meta property=\"og:site_name\" content=\"Semoirs Ebra\" \/>\n<meta property=\"article:published_time\" content=\"2018-08-19T21:45:05+00:00\" \/>\n<meta property=\"article:modified_time\" content=\"2020-03-01T22:15:57+00:00\" \/>\n<meta property=\"og:image\" content=\"https:\/\/www.ebra-semoir.fr\/wp-content\/uploads\/2018\/08\/blog12.jpg\" \/>\n\t<meta property=\"og:image:width\" content=\"900\" \/>\n\t<meta property=\"og:image:height\" content=\"500\" \/>\n\t<meta property=\"og:image:type\" content=\"image\/jpeg\" \/>\n<meta name=\"author\" content=\"Fran\u00e7ois Chauchet\" \/>\n<meta name=\"twitter:card\" content=\"summary_large_image\" \/>\n<meta name=\"twitter:label1\" content=\"Written by\" \/>\n\t<meta name=\"twitter:data1\" content=\"Fran\u00e7ois Chauchet\" \/>\n\t<meta name=\"twitter:label2\" content=\"Est. reading time\" \/>\n\t<meta name=\"twitter:data2\" content=\"2 minutes\" \/>\n<script type=\"application\/ld+json\" class=\"yoast-schema-graph\">{\"@context\":\"https:\\\/\\\/schema.org\",\"@graph\":[{\"@type\":\"Article\",\"@id\":\"https:\\\/\\\/www.ebra-semoir.fr\\\/le-metier-vital-de-maraicher\\\/#article\",\"isPartOf\":{\"@id\":\"https:\\\/\\\/www.ebra-semoir.fr\\\/le-metier-vital-de-maraicher\\\/\"},\"author\":{\"name\":\"Fran\u00e7ois Chauchet\",\"@id\":\"https:\\\/\\\/www.ebra-semoir.fr\\\/#\\\/schema\\\/person\\\/4862d991220c2523dc2714077354f2ac\"},\"headline\":\"Le m\u00e9tier vital de Mara\u00eecher\",\"datePublished\":\"2018-08-19T21:45:05+00:00\",\"dateModified\":\"2020-03-01T22:15:57+00:00\",\"mainEntityOfPage\":{\"@id\":\"https:\\\/\\\/www.ebra-semoir.fr\\\/le-metier-vital-de-maraicher\\\/\"},\"wordCount\":365,\"publisher\":{\"@id\":\"https:\\\/\\\/www.ebra-semoir.fr\\\/#organization\"},\"image\":{\"@id\":\"https:\\\/\\\/www.ebra-semoir.fr\\\/le-metier-vital-de-maraicher\\\/#primaryimage\"},\"thumbnailUrl\":\"https:\\\/\\\/www.ebra-semoir.fr\\\/wp-content\\\/uploads\\\/2018\\\/08\\\/blog12.jpg\",\"articleSection\":[\"Non classifi\u00e9(e)\"],\"inLanguage\":\"en-US\"},{\"@type\":\"WebPage\",\"@id\":\"https:\\\/\\\/www.ebra-semoir.fr\\\/le-metier-vital-de-maraicher\\\/\",\"url\":\"https:\\\/\\\/www.ebra-semoir.fr\\\/le-metier-vital-de-maraicher\\\/\",\"name\":\"Le m\u00e9tier vital de Mara\u00eecher - Semoirs Ebra\",\"isPartOf\":{\"@id\":\"https:\\\/\\\/www.ebra-semoir.fr\\\/#website\"},\"primaryImageOfPage\":{\"@id\":\"https:\\\/\\\/www.ebra-semoir.fr\\\/le-metier-vital-de-maraicher\\\/#primaryimage\"},\"image\":{\"@id\":\"https:\\\/\\\/www.ebra-semoir.fr\\\/le-metier-vital-de-maraicher\\\/#primaryimage\"},\"thumbnailUrl\":\"https:\\\/\\\/www.ebra-semoir.fr\\\/wp-content\\\/uploads\\\/2018\\\/08\\\/blog12.jpg\",\"datePublished\":\"2018-08-19T21:45:05+00:00\",\"dateModified\":\"2020-03-01T22:15:57+00:00\",\"breadcrumb\":{\"@id\":\"https:\\\/\\\/www.ebra-semoir.fr\\\/le-metier-vital-de-maraicher\\\/#breadcrumb\"},\"inLanguage\":\"en-US\",\"potentialAction\":[{\"@type\":\"ReadAction\",\"target\":[\"https:\\\/\\\/www.ebra-semoir.fr\\\/le-metier-vital-de-maraicher\\\/\"]}]},{\"@type\":\"ImageObject\",\"inLanguage\":\"en-US\",\"@id\":\"https:\\\/\\\/www.ebra-semoir.fr\\\/le-metier-vital-de-maraicher\\\/#primaryimage\",\"url\":\"https:\\\/\\\/www.ebra-semoir.fr\\\/wp-content\\\/uploads\\\/2018\\\/08\\\/blog12.jpg\",\"contentUrl\":\"https:\\\/\\\/www.ebra-semoir.fr\\\/wp-content\\\/uploads\\\/2018\\\/08\\\/blog12.jpg\",\"width\":900,\"height\":500},{\"@type\":\"BreadcrumbList\",\"@id\":\"https:\\\/\\\/www.ebra-semoir.fr\\\/le-metier-vital-de-maraicher\\\/#breadcrumb\",\"itemListElement\":[{\"@type\":\"ListItem\",\"position\":1,\"name\":\"Accueil\",\"item\":\"https:\\\/\\\/www.ebra-semoir.fr\\\/\"},{\"@type\":\"ListItem\",\"position\":2,\"name\":\"Le m\u00e9tier vital de Mara\u00eecher\"}]},{\"@type\":\"WebSite\",\"@id\":\"https:\\\/\\\/www.ebra-semoir.fr\\\/#website\",\"url\":\"https:\\\/\\\/www.ebra-semoir.fr\\\/\",\"name\":\"Semoirs Ebra\",\"description\":\"Ebra - Les Semoirs de Pr\u00e9cision\",\"publisher\":{\"@id\":\"https:\\\/\\\/www.ebra-semoir.fr\\\/#organization\"},\"potentialAction\":[{\"@type\":\"SearchAction\",\"target\":{\"@type\":\"EntryPoint\",\"urlTemplate\":\"https:\\\/\\\/www.ebra-semoir.fr\\\/?s={search_term_string}\"},\"query-input\":{\"@type\":\"PropertyValueSpecification\",\"valueRequired\":true,\"valueName\":\"search_term_string\"}}],\"inLanguage\":\"en-US\"},{\"@type\":\"Organization\",\"@id\":\"https:\\\/\\\/www.ebra-semoir.fr\\\/#organization\",\"name\":\"Semoirs Ebra\",\"url\":\"https:\\\/\\\/www.ebra-semoir.fr\\\/\",\"logo\":{\"@type\":\"ImageObject\",\"inLanguage\":\"en-US\",\"@id\":\"https:\\\/\\\/www.ebra-semoir.fr\\\/#\\\/schema\\\/logo\\\/image\\\/\",\"url\":\"https:\\\/\\\/www.ebra-semoir.fr\\\/wp-content\\\/uploads\\\/2018\\\/05\\\/logo-ebra-white.png\",\"contentUrl\":\"https:\\\/\\\/www.ebra-semoir.fr\\\/wp-content\\\/uploads\\\/2018\\\/05\\\/logo-ebra-white.png\",\"width\":208,\"height\":78,\"caption\":\"Semoirs Ebra\"},\"image\":{\"@id\":\"https:\\\/\\\/www.ebra-semoir.fr\\\/#\\\/schema\\\/logo\\\/image\\\/\"}},{\"@type\":\"Person\",\"@id\":\"https:\\\/\\\/www.ebra-semoir.fr\\\/#\\\/schema\\\/person\\\/4862d991220c2523dc2714077354f2ac\",\"name\":\"Fran\u00e7ois Chauchet\",\"image\":{\"@type\":\"ImageObject\",\"inLanguage\":\"en-US\",\"@id\":\"https:\\\/\\\/secure.gravatar.com\\\/avatar\\\/a31f304f85b8bfdd51c18618d318258fb8dd5f603cdd567470857bb057644103?s=96&d=mm&r=g\",\"url\":\"https:\\\/\\\/secure.gravatar.com\\\/avatar\\\/a31f304f85b8bfdd51c18618d318258fb8dd5f603cdd567470857bb057644103?s=96&d=mm&r=g\",\"contentUrl\":\"https:\\\/\\\/secure.gravatar.com\\\/avatar\\\/a31f304f85b8bfdd51c18618d318258fb8dd5f603cdd567470857bb057644103?s=96&d=mm&r=g\",\"caption\":\"Fran\u00e7ois Chauchet\"},\"url\":\"https:\\\/\\\/www.ebra-semoir.fr\\\/en\\\/author\\\/francois\\\/\"}]}<\/script>\n<!-- \/ Yoast SEO plugin. -->","yoast_head_json":{"title":"Le m\u00e9tier vital de Mara\u00eecher - Semoirs Ebra","robots":{"index":"index","follow":"follow","max-snippet":"max-snippet:-1","max-image-preview":"max-image-preview:large","max-video-preview":"max-video-preview:-1"},"canonical":"https:\/\/www.ebra-semoir.fr\/en\/le-metier-vital-de-maraicher\/","og_locale":"en_US","og_type":"article","og_title":"Le m\u00e9tier vital de Mara\u00eecher - Semoirs Ebra","og_description":"Vital ! C&rsquo;est un mot bien choisi pour le m\u00e9tier d&rsquo;agriculteur, et pour celui de mara\u00eecher en particulier. Car \u00e0 l&rsquo;heure de la malbouffe et des \u00e9volutions de consommation qui poussent les consommateurs de la plupart des pays d\u00e9velopp\u00e9s \u00e0 s&rsquo;orienter vers une alimentation pratique et \u00e9conomique plut\u00f4t que saine et naturelle, la production de [&hellip;]","og_url":"https:\/\/www.ebra-semoir.fr\/en\/le-metier-vital-de-maraicher\/","og_site_name":"Semoirs Ebra","article_published_time":"2018-08-19T21:45:05+00:00","article_modified_time":"2020-03-01T22:15:57+00:00","og_image":[{"width":900,"height":500,"url":"https:\/\/www.ebra-semoir.fr\/wp-content\/uploads\/2018\/08\/blog12.jpg","type":"image\/jpeg"}],"author":"Fran\u00e7ois Chauchet","twitter_card":"summary_large_image","twitter_misc":{"Written by":"Fran\u00e7ois Chauchet","Est. reading time":"2 minutes"},"schema":{"@context":"https:\/\/schema.org","@graph":[{"@type":"Article","@id":"https:\/\/www.ebra-semoir.fr\/le-metier-vital-de-maraicher\/#article","isPartOf":{"@id":"https:\/\/www.ebra-semoir.fr\/le-metier-vital-de-maraicher\/"},"author":{"name":"Fran\u00e7ois Chauchet","@id":"https:\/\/www.ebra-semoir.fr\/#\/schema\/person\/4862d991220c2523dc2714077354f2ac"},"headline":"Le m\u00e9tier vital de Mara\u00eecher","datePublished":"2018-08-19T21:45:05+00:00","dateModified":"2020-03-01T22:15:57+00:00","mainEntityOfPage":{"@id":"https:\/\/www.ebra-semoir.fr\/le-metier-vital-de-maraicher\/"},"wordCount":365,"publisher":{"@id":"https:\/\/www.ebra-semoir.fr\/#organization"},"image":{"@id":"https:\/\/www.ebra-semoir.fr\/le-metier-vital-de-maraicher\/#primaryimage"},"thumbnailUrl":"https:\/\/www.ebra-semoir.fr\/wp-content\/uploads\/2018\/08\/blog12.jpg","articleSection":["Non classifi\u00e9(e)"],"inLanguage":"en-US"},{"@type":"WebPage","@id":"https:\/\/www.ebra-semoir.fr\/le-metier-vital-de-maraicher\/","url":"https:\/\/www.ebra-semoir.fr\/le-metier-vital-de-maraicher\/","name":"Le m\u00e9tier vital de Mara\u00eecher - Semoirs Ebra","isPartOf":{"@id":"https:\/\/www.ebra-semoir.fr\/#website"},"primaryImageOfPage":{"@id":"https:\/\/www.ebra-semoir.fr\/le-metier-vital-de-maraicher\/#primaryimage"},"image":{"@id":"https:\/\/www.ebra-semoir.fr\/le-metier-vital-de-maraicher\/#primaryimage"},"thumbnailUrl":"https:\/\/www.ebra-semoir.fr\/wp-content\/uploads\/2018\/08\/blog12.jpg","datePublished":"2018-08-19T21:45:05+00:00","dateModified":"2020-03-01T22:15:57+00:00","breadcrumb":{"@id":"https:\/\/www.ebra-semoir.fr\/le-metier-vital-de-maraicher\/#breadcrumb"},"inLanguage":"en-US","potentialAction":[{"@type":"ReadAction","target":["https:\/\/www.ebra-semoir.fr\/le-metier-vital-de-maraicher\/"]}]},{"@type":"ImageObject","inLanguage":"en-US","@id":"https:\/\/www.ebra-semoir.fr\/le-metier-vital-de-maraicher\/#primaryimage","url":"https:\/\/www.ebra-semoir.fr\/wp-content\/uploads\/2018\/08\/blog12.jpg","contentUrl":"https:\/\/www.ebra-semoir.fr\/wp-content\/uploads\/2018\/08\/blog12.jpg","width":900,"height":500},{"@type":"BreadcrumbList","@id":"https:\/\/www.ebra-semoir.fr\/le-metier-vital-de-maraicher\/#breadcrumb","itemListElement":[{"@type":"ListItem","position":1,"name":"Accueil","item":"https:\/\/www.ebra-semoir.fr\/"},{"@type":"ListItem","position":2,"name":"Le m\u00e9tier vital de Mara\u00eecher"}]},{"@type":"WebSite","@id":"https:\/\/www.ebra-semoir.fr\/#website","url":"https:\/\/www.ebra-semoir.fr\/","name":"Semoirs Ebra","description":"Ebra - Les Semoirs de Pr\u00e9cision","publisher":{"@id":"https:\/\/www.ebra-semoir.fr\/#organization"},"potentialAction":[{"@type":"SearchAction","target":{"@type":"EntryPoint","urlTemplate":"https:\/\/www.ebra-semoir.fr\/?s={search_term_string}"},"query-input":{"@type":"PropertyValueSpecification","valueRequired":true,"valueName":"search_term_string"}}],"inLanguage":"en-US"},{"@type":"Organization","@id":"https:\/\/www.ebra-semoir.fr\/#organization","name":"Semoirs Ebra","url":"https:\/\/www.ebra-semoir.fr\/","logo":{"@type":"ImageObject","inLanguage":"en-US","@id":"https:\/\/www.ebra-semoir.fr\/#\/schema\/logo\/image\/","url":"https:\/\/www.ebra-semoir.fr\/wp-content\/uploads\/2018\/05\/logo-ebra-white.png","contentUrl":"https:\/\/www.ebra-semoir.fr\/wp-content\/uploads\/2018\/05\/logo-ebra-white.png","width":208,"height":78,"caption":"Semoirs Ebra"},"image":{"@id":"https:\/\/www.ebra-semoir.fr\/#\/schema\/logo\/image\/"}},{"@type":"Person","@id":"https:\/\/www.ebra-semoir.fr\/#\/schema\/person\/4862d991220c2523dc2714077354f2ac","name":"Fran\u00e7ois Chauchet","image":{"@type":"ImageObject","inLanguage":"en-US","@id":"https:\/\/secure.gravatar.com\/avatar\/a31f304f85b8bfdd51c18618d318258fb8dd5f603cdd567470857bb057644103?s=96&d=mm&r=g","url":"https:\/\/secure.gravatar.com\/avatar\/a31f304f85b8bfdd51c18618d318258fb8dd5f603cdd567470857bb057644103?s=96&d=mm&r=g","contentUrl":"https:\/\/secure.gravatar.com\/avatar\/a31f304f85b8bfdd51c18618d318258fb8dd5f603cdd567470857bb057644103?s=96&d=mm&r=g","caption":"Fran\u00e7ois Chauchet"},"url":"https:\/\/www.ebra-semoir.fr\/en\/author\/francois\/"}]}},"_links":{"self":[{"href":"https:\/\/www.ebra-semoir.fr\/en\/wp-json\/wp\/v2\/posts\/8351","targetHints":{"allow":["GET"]}}],"collection":[{"href":"https:\/\/www.ebra-semoir.fr\/en\/wp-json\/wp\/v2\/posts"}],"about":[{"href":"https:\/\/www.ebra-semoir.fr\/en\/wp-json\/wp\/v2\/types\/post"}],"author":[{"embeddable":true,"href":"https:\/\/www.ebra-semoir.fr\/en\/wp-json\/wp\/v2\/users\/4"}],"replies":[{"embeddable":true,"href":"https:\/\/www.ebra-semoir.fr\/en\/wp-json\/wp\/v2\/comments?post=8351"}],"version-history":[{"count":0,"href":"https:\/\/www.ebra-semoir.fr\/en\/wp-json\/wp\/v2\/posts\/8351\/revisions"}],"wp:featuredmedia":[{"embeddable":true,"href":"https:\/\/www.ebra-semoir.fr\/en\/wp-json\/wp\/v2\/media\/11996"}],"wp:attachment":[{"href":"https:\/\/www.ebra-semoir.fr\/en\/wp-json\/wp\/v2\/media?parent=8351"}],"wp:term":[{"taxonomy":"category","embeddable":true,"href":"https:\/\/www.ebra-semoir.fr\/en\/wp-json\/wp\/v2\/categories?post=8351"},{"taxonomy":"post_tag","embeddable":true,"href":"https:\/\/www.ebra-semoir.fr\/en\/wp-json\/wp\/v2\/tags?post=8351"}],"curies":[{"name":"wp","href":"https:\/\/api.w.org\/{rel}","templated":true}]}}