{"id":8362,"date":"2020-03-01T19:44:40","date_gmt":"2020-03-01T19:44:40","guid":{"rendered":"https:\/\/sepeba-ebra.com\/2018\/08\/19\/diversifiez-votre-production-2\/"},"modified":"2020-03-01T22:49:51","modified_gmt":"2020-03-01T22:49:51","slug":"maraicher-du-soleil-levant","status":"publish","type":"post","link":"https:\/\/www.ebra-semoir.fr\/en\/maraicher-du-soleil-levant\/","title":{"rendered":"Mara\u00eecher du soleil levant"},"content":{"rendered":"<h3>Producteur d&rsquo;exception : mara\u00eecher du Soleil-Levant<\/h3>\n<p>Si les l\u00e9gumes avaient un royaume, ce serait \u00e0 Chapet (Yvelines), en lointaine banlieue parisienne. Un petit royaume, une parcelle de 3 000 m\u00e8tres carr\u00e9s. Et le ma\u00eetre des lieux, c&rsquo;est lui. Il est arriv\u00e9 en France il y a une trentaine d&rsquo;ann\u00e9es en provenance du Japon. \u00ab\u00a0Ici, c&rsquo;est des pommes de terre d&rsquo;une vari\u00e9t\u00e9 japonaise et puis ensuite c&rsquo;est des carottes\u00a0\u00bb, explique Asafumi Yamashita. Mais il y a aussi des brocolis, des salades, des petits pois ou encore des choux. L&rsquo;homme cultive une trentaine de vari\u00e9t\u00e9s.<\/p>\n<h3>Des Bonsa\u00ef<\/h3>\n<p>Avant de devenir mara\u00eecher, il \u00e9levait des Bonsa\u00efs. De cette ancienne vie, il a gard\u00e9 la main verte et la patience. Il peut passer des heures au ras du sol \u00e0 bichonner ses l\u00e9gumes, ou \u00e0 arracher ceux qui ne poussent pas droit. Car ses l\u00e9gumes, il ne les vend pas sur les march\u00e9s, mais \u00e0 des chefs \u00e9toil\u00e9s qu&rsquo;il a lui-m\u00eame choisis. Il n&rsquo;a d&rsquo;ailleurs que quatre clients. Le co\u00fbt d&rsquo;un panier est de pr\u00e8s de 150 euros. Mais quand la po\u00e9sie du mara\u00eecher rencontre l&rsquo;inspiration d&rsquo;un chef \u00e9toil\u00e9, cela donne des plats uniques. L&rsquo;assiette devient alors une oeuvre d&rsquo;art.<\/p>","protected":false},"excerpt":{"rendered":"<p>Producteur d&rsquo;exception : mara\u00eecher du Soleil-Levant Si les l\u00e9gumes avaient un royaume, ce serait \u00e0 Chapet (Yvelines), en lointaine banlieue parisienne. Un petit royaume, une parcelle de 3 000 m\u00e8tres carr\u00e9s. Et le ma\u00eetre des lieux, c&rsquo;est lui. Il est arriv\u00e9 en France il y a une trentaine d&rsquo;ann\u00e9es en provenance du Japon. \u00ab\u00a0Ici, c&rsquo;est [&hellip;]<\/p>\n","protected":false},"author":4,"featured_media":14738,"comment_status":"closed","ping_status":"open","sticky":false,"template":"","format":"standard","meta":{"_gspb_post_css":"","footnotes":""},"categories":[118],"tags":[113,110,111,112],"class_list":["post-8362","post","type-post","status-publish","format-standard","has-post-thumbnail","hentry","category-news","tag-culture","tag-epinards","tag-legumes","tag-semis","entry","has-media","owp-thumbs-layout-horizontal","owp-btn-normal","owp-tabs-layout-horizontal","has-no-thumbnails"],"yoast_head":"<!-- This site is optimized with the Yoast SEO plugin v27.4 - https:\/\/yoast.com\/product\/yoast-seo-wordpress\/ -->\n<title>Mara\u00eecher du soleil levant - Semoirs Ebra<\/title>\n<meta name=\"robots\" content=\"index, follow, max-snippet:-1, max-image-preview:large, max-video-preview:-1\" \/>\n<link rel=\"canonical\" href=\"https:\/\/www.ebra-semoir.fr\/en\/maraicher-du-soleil-levant\/\" \/>\n<meta property=\"og:locale\" content=\"en_US\" \/>\n<meta property=\"og:type\" content=\"article\" \/>\n<meta property=\"og:title\" content=\"Mara\u00eecher du soleil levant - Semoirs Ebra\" \/>\n<meta property=\"og:description\" content=\"Producteur d&rsquo;exception : mara\u00eecher du Soleil-Levant Si les l\u00e9gumes avaient un royaume, ce serait \u00e0 Chapet (Yvelines), en lointaine banlieue parisienne. Un petit royaume, une parcelle de 3 000 m\u00e8tres carr\u00e9s. Et le ma\u00eetre des lieux, c&rsquo;est lui. Il est arriv\u00e9 en France il y a une trentaine d&rsquo;ann\u00e9es en provenance du Japon. \u00ab\u00a0Ici, c&rsquo;est [&hellip;]\" \/>\n<meta property=\"og:url\" content=\"https:\/\/www.ebra-semoir.fr\/en\/maraicher-du-soleil-levant\/\" \/>\n<meta property=\"og:site_name\" content=\"Semoirs Ebra\" \/>\n<meta property=\"article:published_time\" content=\"2020-03-01T19:44:40+00:00\" \/>\n<meta property=\"article:modified_time\" content=\"2020-03-01T22:49:51+00:00\" \/>\n<meta property=\"og:image\" content=\"https:\/\/www.ebra-semoir.fr\/wp-content\/uploads\/2018\/08\/scallops-PVCMVA9-scaled-e1583102334450.jpg\" \/>\n\t<meta property=\"og:image:width\" content=\"800\" \/>\n\t<meta property=\"og:image:height\" content=\"533\" \/>\n\t<meta property=\"og:image:type\" content=\"image\/jpeg\" \/>\n<meta name=\"author\" content=\"Fran\u00e7ois Chauchet\" \/>\n<meta name=\"twitter:card\" content=\"summary_large_image\" \/>\n<meta name=\"twitter:label1\" content=\"Written by\" \/>\n\t<meta name=\"twitter:data1\" content=\"Fran\u00e7ois Chauchet\" \/>\n\t<meta name=\"twitter:label2\" content=\"Est. reading time\" \/>\n\t<meta name=\"twitter:data2\" content=\"1 minute\" \/>\n<script type=\"application\/ld+json\" class=\"yoast-schema-graph\">{\"@context\":\"https:\\\/\\\/schema.org\",\"@graph\":[{\"@type\":\"Article\",\"@id\":\"https:\\\/\\\/www.ebra-semoir.fr\\\/maraicher-du-soleil-levant\\\/#article\",\"isPartOf\":{\"@id\":\"https:\\\/\\\/www.ebra-semoir.fr\\\/maraicher-du-soleil-levant\\\/\"},\"author\":{\"name\":\"Fran\u00e7ois Chauchet\",\"@id\":\"https:\\\/\\\/www.ebra-semoir.fr\\\/#\\\/schema\\\/person\\\/4862d991220c2523dc2714077354f2ac\"},\"headline\":\"Mara\u00eecher du soleil levant\",\"datePublished\":\"2020-03-01T19:44:40+00:00\",\"dateModified\":\"2020-03-01T22:49:51+00:00\",\"mainEntityOfPage\":{\"@id\":\"https:\\\/\\\/www.ebra-semoir.fr\\\/maraicher-du-soleil-levant\\\/\"},\"wordCount\":228,\"publisher\":{\"@id\":\"https:\\\/\\\/www.ebra-semoir.fr\\\/#organization\"},\"image\":{\"@id\":\"https:\\\/\\\/www.ebra-semoir.fr\\\/maraicher-du-soleil-levant\\\/#primaryimage\"},\"thumbnailUrl\":\"https:\\\/\\\/www.ebra-semoir.fr\\\/wp-content\\\/uploads\\\/2018\\\/08\\\/scallops-PVCMVA9-scaled-e1583102334450.jpg\",\"keywords\":[\"Culture\",\"Epinards\",\"L\u00e9gumes\",\"Semis\"],\"articleSection\":[\"News\"],\"inLanguage\":\"en-US\"},{\"@type\":\"WebPage\",\"@id\":\"https:\\\/\\\/www.ebra-semoir.fr\\\/maraicher-du-soleil-levant\\\/\",\"url\":\"https:\\\/\\\/www.ebra-semoir.fr\\\/maraicher-du-soleil-levant\\\/\",\"name\":\"Mara\u00eecher du soleil levant - Semoirs Ebra\",\"isPartOf\":{\"@id\":\"https:\\\/\\\/www.ebra-semoir.fr\\\/#website\"},\"primaryImageOfPage\":{\"@id\":\"https:\\\/\\\/www.ebra-semoir.fr\\\/maraicher-du-soleil-levant\\\/#primaryimage\"},\"image\":{\"@id\":\"https:\\\/\\\/www.ebra-semoir.fr\\\/maraicher-du-soleil-levant\\\/#primaryimage\"},\"thumbnailUrl\":\"https:\\\/\\\/www.ebra-semoir.fr\\\/wp-content\\\/uploads\\\/2018\\\/08\\\/scallops-PVCMVA9-scaled-e1583102334450.jpg\",\"datePublished\":\"2020-03-01T19:44:40+00:00\",\"dateModified\":\"2020-03-01T22:49:51+00:00\",\"breadcrumb\":{\"@id\":\"https:\\\/\\\/www.ebra-semoir.fr\\\/maraicher-du-soleil-levant\\\/#breadcrumb\"},\"inLanguage\":\"en-US\",\"potentialAction\":[{\"@type\":\"ReadAction\",\"target\":[\"https:\\\/\\\/www.ebra-semoir.fr\\\/maraicher-du-soleil-levant\\\/\"]}]},{\"@type\":\"ImageObject\",\"inLanguage\":\"en-US\",\"@id\":\"https:\\\/\\\/www.ebra-semoir.fr\\\/maraicher-du-soleil-levant\\\/#primaryimage\",\"url\":\"https:\\\/\\\/www.ebra-semoir.fr\\\/wp-content\\\/uploads\\\/2018\\\/08\\\/scallops-PVCMVA9-scaled-e1583102334450.jpg\",\"contentUrl\":\"https:\\\/\\\/www.ebra-semoir.fr\\\/wp-content\\\/uploads\\\/2018\\\/08\\\/scallops-PVCMVA9-scaled-e1583102334450.jpg\",\"width\":800,\"height\":533,\"caption\":\"Scallops and vegetables on a plate\"},{\"@type\":\"BreadcrumbList\",\"@id\":\"https:\\\/\\\/www.ebra-semoir.fr\\\/maraicher-du-soleil-levant\\\/#breadcrumb\",\"itemListElement\":[{\"@type\":\"ListItem\",\"position\":1,\"name\":\"Accueil\",\"item\":\"https:\\\/\\\/www.ebra-semoir.fr\\\/\"},{\"@type\":\"ListItem\",\"position\":2,\"name\":\"Mara\u00eecher du soleil levant\"}]},{\"@type\":\"WebSite\",\"@id\":\"https:\\\/\\\/www.ebra-semoir.fr\\\/#website\",\"url\":\"https:\\\/\\\/www.ebra-semoir.fr\\\/\",\"name\":\"Semoirs Ebra\",\"description\":\"Ebra - Les Semoirs de Pr\u00e9cision\",\"publisher\":{\"@id\":\"https:\\\/\\\/www.ebra-semoir.fr\\\/#organization\"},\"potentialAction\":[{\"@type\":\"SearchAction\",\"target\":{\"@type\":\"EntryPoint\",\"urlTemplate\":\"https:\\\/\\\/www.ebra-semoir.fr\\\/?s={search_term_string}\"},\"query-input\":{\"@type\":\"PropertyValueSpecification\",\"valueRequired\":true,\"valueName\":\"search_term_string\"}}],\"inLanguage\":\"en-US\"},{\"@type\":\"Organization\",\"@id\":\"https:\\\/\\\/www.ebra-semoir.fr\\\/#organization\",\"name\":\"Semoirs Ebra\",\"url\":\"https:\\\/\\\/www.ebra-semoir.fr\\\/\",\"logo\":{\"@type\":\"ImageObject\",\"inLanguage\":\"en-US\",\"@id\":\"https:\\\/\\\/www.ebra-semoir.fr\\\/#\\\/schema\\\/logo\\\/image\\\/\",\"url\":\"https:\\\/\\\/www.ebra-semoir.fr\\\/wp-content\\\/uploads\\\/2018\\\/05\\\/logo-ebra-white.png\",\"contentUrl\":\"https:\\\/\\\/www.ebra-semoir.fr\\\/wp-content\\\/uploads\\\/2018\\\/05\\\/logo-ebra-white.png\",\"width\":208,\"height\":78,\"caption\":\"Semoirs Ebra\"},\"image\":{\"@id\":\"https:\\\/\\\/www.ebra-semoir.fr\\\/#\\\/schema\\\/logo\\\/image\\\/\"}},{\"@type\":\"Person\",\"@id\":\"https:\\\/\\\/www.ebra-semoir.fr\\\/#\\\/schema\\\/person\\\/4862d991220c2523dc2714077354f2ac\",\"name\":\"Fran\u00e7ois Chauchet\",\"image\":{\"@type\":\"ImageObject\",\"inLanguage\":\"en-US\",\"@id\":\"https:\\\/\\\/secure.gravatar.com\\\/avatar\\\/a31f304f85b8bfdd51c18618d318258fb8dd5f603cdd567470857bb057644103?s=96&d=mm&r=g\",\"url\":\"https:\\\/\\\/secure.gravatar.com\\\/avatar\\\/a31f304f85b8bfdd51c18618d318258fb8dd5f603cdd567470857bb057644103?s=96&d=mm&r=g\",\"contentUrl\":\"https:\\\/\\\/secure.gravatar.com\\\/avatar\\\/a31f304f85b8bfdd51c18618d318258fb8dd5f603cdd567470857bb057644103?s=96&d=mm&r=g\",\"caption\":\"Fran\u00e7ois Chauchet\"},\"url\":\"https:\\\/\\\/www.ebra-semoir.fr\\\/en\\\/author\\\/francois\\\/\"}]}<\/script>\n<!-- \/ Yoast SEO plugin. -->","yoast_head_json":{"title":"Mara\u00eecher du soleil levant - Semoirs Ebra","robots":{"index":"index","follow":"follow","max-snippet":"max-snippet:-1","max-image-preview":"max-image-preview:large","max-video-preview":"max-video-preview:-1"},"canonical":"https:\/\/www.ebra-semoir.fr\/en\/maraicher-du-soleil-levant\/","og_locale":"en_US","og_type":"article","og_title":"Mara\u00eecher du soleil levant - Semoirs Ebra","og_description":"Producteur d&rsquo;exception : mara\u00eecher du Soleil-Levant Si les l\u00e9gumes avaient un royaume, ce serait \u00e0 Chapet (Yvelines), en lointaine banlieue parisienne. Un petit royaume, une parcelle de 3 000 m\u00e8tres carr\u00e9s. Et le ma\u00eetre des lieux, c&rsquo;est lui. Il est arriv\u00e9 en France il y a une trentaine d&rsquo;ann\u00e9es en provenance du Japon. \u00ab\u00a0Ici, c&rsquo;est [&hellip;]","og_url":"https:\/\/www.ebra-semoir.fr\/en\/maraicher-du-soleil-levant\/","og_site_name":"Semoirs Ebra","article_published_time":"2020-03-01T19:44:40+00:00","article_modified_time":"2020-03-01T22:49:51+00:00","og_image":[{"width":800,"height":533,"url":"https:\/\/www.ebra-semoir.fr\/wp-content\/uploads\/2018\/08\/scallops-PVCMVA9-scaled-e1583102334450.jpg","type":"image\/jpeg"}],"author":"Fran\u00e7ois Chauchet","twitter_card":"summary_large_image","twitter_misc":{"Written by":"Fran\u00e7ois Chauchet","Est. reading time":"1 minute"},"schema":{"@context":"https:\/\/schema.org","@graph":[{"@type":"Article","@id":"https:\/\/www.ebra-semoir.fr\/maraicher-du-soleil-levant\/#article","isPartOf":{"@id":"https:\/\/www.ebra-semoir.fr\/maraicher-du-soleil-levant\/"},"author":{"name":"Fran\u00e7ois Chauchet","@id":"https:\/\/www.ebra-semoir.fr\/#\/schema\/person\/4862d991220c2523dc2714077354f2ac"},"headline":"Mara\u00eecher du soleil levant","datePublished":"2020-03-01T19:44:40+00:00","dateModified":"2020-03-01T22:49:51+00:00","mainEntityOfPage":{"@id":"https:\/\/www.ebra-semoir.fr\/maraicher-du-soleil-levant\/"},"wordCount":228,"publisher":{"@id":"https:\/\/www.ebra-semoir.fr\/#organization"},"image":{"@id":"https:\/\/www.ebra-semoir.fr\/maraicher-du-soleil-levant\/#primaryimage"},"thumbnailUrl":"https:\/\/www.ebra-semoir.fr\/wp-content\/uploads\/2018\/08\/scallops-PVCMVA9-scaled-e1583102334450.jpg","keywords":["Culture","Epinards","L\u00e9gumes","Semis"],"articleSection":["News"],"inLanguage":"en-US"},{"@type":"WebPage","@id":"https:\/\/www.ebra-semoir.fr\/maraicher-du-soleil-levant\/","url":"https:\/\/www.ebra-semoir.fr\/maraicher-du-soleil-levant\/","name":"Mara\u00eecher du soleil levant - Semoirs Ebra","isPartOf":{"@id":"https:\/\/www.ebra-semoir.fr\/#website"},"primaryImageOfPage":{"@id":"https:\/\/www.ebra-semoir.fr\/maraicher-du-soleil-levant\/#primaryimage"},"image":{"@id":"https:\/\/www.ebra-semoir.fr\/maraicher-du-soleil-levant\/#primaryimage"},"thumbnailUrl":"https:\/\/www.ebra-semoir.fr\/wp-content\/uploads\/2018\/08\/scallops-PVCMVA9-scaled-e1583102334450.jpg","datePublished":"2020-03-01T19:44:40+00:00","dateModified":"2020-03-01T22:49:51+00:00","breadcrumb":{"@id":"https:\/\/www.ebra-semoir.fr\/maraicher-du-soleil-levant\/#breadcrumb"},"inLanguage":"en-US","potentialAction":[{"@type":"ReadAction","target":["https:\/\/www.ebra-semoir.fr\/maraicher-du-soleil-levant\/"]}]},{"@type":"ImageObject","inLanguage":"en-US","@id":"https:\/\/www.ebra-semoir.fr\/maraicher-du-soleil-levant\/#primaryimage","url":"https:\/\/www.ebra-semoir.fr\/wp-content\/uploads\/2018\/08\/scallops-PVCMVA9-scaled-e1583102334450.jpg","contentUrl":"https:\/\/www.ebra-semoir.fr\/wp-content\/uploads\/2018\/08\/scallops-PVCMVA9-scaled-e1583102334450.jpg","width":800,"height":533,"caption":"Scallops and vegetables on a plate"},{"@type":"BreadcrumbList","@id":"https:\/\/www.ebra-semoir.fr\/maraicher-du-soleil-levant\/#breadcrumb","itemListElement":[{"@type":"ListItem","position":1,"name":"Accueil","item":"https:\/\/www.ebra-semoir.fr\/"},{"@type":"ListItem","position":2,"name":"Mara\u00eecher du soleil levant"}]},{"@type":"WebSite","@id":"https:\/\/www.ebra-semoir.fr\/#website","url":"https:\/\/www.ebra-semoir.fr\/","name":"Semoirs Ebra","description":"Ebra - Les Semoirs de Pr\u00e9cision","publisher":{"@id":"https:\/\/www.ebra-semoir.fr\/#organization"},"potentialAction":[{"@type":"SearchAction","target":{"@type":"EntryPoint","urlTemplate":"https:\/\/www.ebra-semoir.fr\/?s={search_term_string}"},"query-input":{"@type":"PropertyValueSpecification","valueRequired":true,"valueName":"search_term_string"}}],"inLanguage":"en-US"},{"@type":"Organization","@id":"https:\/\/www.ebra-semoir.fr\/#organization","name":"Semoirs Ebra","url":"https:\/\/www.ebra-semoir.fr\/","logo":{"@type":"ImageObject","inLanguage":"en-US","@id":"https:\/\/www.ebra-semoir.fr\/#\/schema\/logo\/image\/","url":"https:\/\/www.ebra-semoir.fr\/wp-content\/uploads\/2018\/05\/logo-ebra-white.png","contentUrl":"https:\/\/www.ebra-semoir.fr\/wp-content\/uploads\/2018\/05\/logo-ebra-white.png","width":208,"height":78,"caption":"Semoirs Ebra"},"image":{"@id":"https:\/\/www.ebra-semoir.fr\/#\/schema\/logo\/image\/"}},{"@type":"Person","@id":"https:\/\/www.ebra-semoir.fr\/#\/schema\/person\/4862d991220c2523dc2714077354f2ac","name":"Fran\u00e7ois Chauchet","image":{"@type":"ImageObject","inLanguage":"en-US","@id":"https:\/\/secure.gravatar.com\/avatar\/a31f304f85b8bfdd51c18618d318258fb8dd5f603cdd567470857bb057644103?s=96&d=mm&r=g","url":"https:\/\/secure.gravatar.com\/avatar\/a31f304f85b8bfdd51c18618d318258fb8dd5f603cdd567470857bb057644103?s=96&d=mm&r=g","contentUrl":"https:\/\/secure.gravatar.com\/avatar\/a31f304f85b8bfdd51c18618d318258fb8dd5f603cdd567470857bb057644103?s=96&d=mm&r=g","caption":"Fran\u00e7ois Chauchet"},"url":"https:\/\/www.ebra-semoir.fr\/en\/author\/francois\/"}]}},"_links":{"self":[{"href":"https:\/\/www.ebra-semoir.fr\/en\/wp-json\/wp\/v2\/posts\/8362","targetHints":{"allow":["GET"]}}],"collection":[{"href":"https:\/\/www.ebra-semoir.fr\/en\/wp-json\/wp\/v2\/posts"}],"about":[{"href":"https:\/\/www.ebra-semoir.fr\/en\/wp-json\/wp\/v2\/types\/post"}],"author":[{"embeddable":true,"href":"https:\/\/www.ebra-semoir.fr\/en\/wp-json\/wp\/v2\/users\/4"}],"replies":[{"embeddable":true,"href":"https:\/\/www.ebra-semoir.fr\/en\/wp-json\/wp\/v2\/comments?post=8362"}],"version-history":[{"count":0,"href":"https:\/\/www.ebra-semoir.fr\/en\/wp-json\/wp\/v2\/posts\/8362\/revisions"}],"wp:featuredmedia":[{"embeddable":true,"href":"https:\/\/www.ebra-semoir.fr\/en\/wp-json\/wp\/v2\/media\/14738"}],"wp:attachment":[{"href":"https:\/\/www.ebra-semoir.fr\/en\/wp-json\/wp\/v2\/media?parent=8362"}],"wp:term":[{"taxonomy":"category","embeddable":true,"href":"https:\/\/www.ebra-semoir.fr\/en\/wp-json\/wp\/v2\/categories?post=8362"},{"taxonomy":"post_tag","embeddable":true,"href":"https:\/\/www.ebra-semoir.fr\/en\/wp-json\/wp\/v2\/tags?post=8362"}],"curies":[{"name":"wp","href":"https:\/\/api.w.org\/{rel}","templated":true}]}}