{"id":9589,"date":"2018-08-19T21:45:05","date_gmt":"2018-08-19T21:45:05","guid":{"rendered":"https:\/\/sepeba-ebra.com\/2018\/08\/19\/un-maraicher-bio-partage-son-experience-2\/"},"modified":"2020-02-23T15:40:45","modified_gmt":"2020-02-23T15:40:45","slug":"temoignage-de-peter-abmayr-maraicher-bio-a-aigua-uruguay","status":"publish","type":"post","link":"https:\/\/www.ebra-semoir.fr\/en\/temoignage-de-peter-abmayr-maraicher-bio-a-aigua-uruguay\/","title":{"rendered":"T\u00e9moignage de Peter Abmayr, mara\u00eecher Bio \u00e0 A\u00efgua, Uruguay"},"content":{"rendered":"<div data-elementor-type=\"wp-post\" data-elementor-id=\"9589\" class=\"elementor elementor-9589\" data-elementor-post-type=\"post\">\n\t\t\t\t\t\t<section class=\"elementor-section elementor-top-section elementor-element elementor-element-f3188f4 elementor-section-full_width elementor-section-height-default elementor-section-height-default\" data-id=\"f3188f4\" data-element_type=\"section\" data-e-type=\"section\">\n\t\t\t\t\t\t<div class=\"elementor-container elementor-column-gap-no\">\n\t\t\t\t\t<div class=\"elementor-column elementor-col-100 elementor-top-column elementor-element elementor-element-11d11bd\" data-id=\"11d11bd\" data-element_type=\"column\" data-e-type=\"column\">\n\t\t\t<div class=\"elementor-widget-wrap elementor-element-populated\">\n\t\t\t\t\t\t<div class=\"elementor-element elementor-element-3bcee5b elementor-widget elementor-widget-text-editor\" data-id=\"3bcee5b\" data-element_type=\"widget\" data-e-type=\"widget\" data-widget_type=\"text-editor.default\">\n\t\t\t\t<div class=\"elementor-widget-container\">\n\t\t\t\t\t\t\t\t\t<p>Samedi dernier, j&rsquo;ai re\u00e7u et assembl\u00e9 mon semoir. Et d\u00e8s lundi, je l&rsquo;ai mis en route, car mon quinoa \u00e9tait pr\u00eat \u00e0 semer depuis une semaine.<\/p><p>J&rsquo;avais dit \u00e0 des amis que j&rsquo;avais achet\u00e9 une nouvelle Porsche, aujourd&rsquo;hui je r\u00e9alise que j&rsquo;avais tort : j&rsquo;ai achet\u00e9 une Ferrari ! M\u00eame couleur, et presque aussi rapide !<\/p><p>Je travaille avec des chevaux et cette ann\u00e9e j&rsquo;ai commenc\u00e9 un nouveau syst\u00e8me de culture sur buttes, me permettant de passer ensuite plus facilement entre les rangs avec un cheval et un cultivateur. Plus tard, je repasse avec ma butteuse et je recouvre les mauvaises herbes, \u00e9conomisant ainsi tout travail manuel.<\/p><p>Mon semoir marche encore mieux que je ne l&rsquo;imaginais. Et \u00e0 ma grande surprise il distribue vraiment les graines de quinoa une par une, et pas ou \u00e0 la fois, bien que les graines soient tr\u00e8s petites.<\/p><p>Je suis vraiment content parce que mes deux autres semoirs n&rsquo;auraient jamais pu faire ce travail dans ces conditions vraiment difficiles (il reste beaucoup de d\u00e9bris de ma\u00efs de l&rsquo;an pass\u00e9 et nombreuses mottes). Tout le travail, incluant le travail avec les chevaux et le semis, m&rsquo;a pris environ 6 heures pour 3.000 m2, aller et retour inclus.<\/p><p>Je suis impatient de faire de m\u00eame pour toutes mes futures cultures, car je n&rsquo;aurai pas besoin d&rsquo;aide ext\u00e9rieure, et je pourrai le faire mieux et plus rapidement. D&rsquo;une fa\u00e7on g\u00e9n\u00e9rale, le concept de ce semoir est spectaculaire, et je vous en f\u00e9licite. Il vaut bien son prix !<\/p><p>Encore merci pour votre aide pour la vente et l&rsquo;exp\u00e9dition en Uruguay,<\/p><p>Sinc\u00e8rement,<\/p><p>Peter<\/p>\t\t\t\t\t\t\t\t<\/div>\n\t\t\t\t<\/div>\n\t\t\t\t\t<\/div>\n\t\t<\/div>\n\t\t\t\t\t<\/div>\n\t\t<\/section>\n\t\t\t\t<\/div>","protected":false},"excerpt":{"rendered":"<p>Samedi dernier, j&rsquo;ai re\u00e7u et assembl\u00e9 mon semoir. Et d\u00e8s lundi, je l&rsquo;ai mis en route, car mon quinoa \u00e9tait pr\u00eat \u00e0 semer depuis une semaine. J&rsquo;avais dit \u00e0 des amis que j&rsquo;avais achet\u00e9 une nouvelle Porsche, aujourd&rsquo;hui je r\u00e9alise que j&rsquo;avais tort : j&rsquo;ai achet\u00e9 une Ferrari ! M\u00eame couleur, et presque aussi rapide [&hellip;]<\/p>\n","protected":false},"author":4,"featured_media":14220,"comment_status":"closed","ping_status":"open","sticky":false,"template":"","format":"standard","meta":{"_gspb_post_css":"","footnotes":""},"categories":[158],"tags":[],"class_list":["post-9589","post","type-post","status-publish","format-standard","has-post-thumbnail","hentry","category-temoignages-clients","entry","has-media","owp-thumbs-layout-horizontal","owp-btn-normal","owp-tabs-layout-horizontal","has-no-thumbnails"],"yoast_head":"<!-- This site is optimized with the Yoast SEO plugin v27.4 - https:\/\/yoast.com\/product\/yoast-seo-wordpress\/ -->\n<title>T\u00e9moignage de Peter Abmayr, mara\u00eecher Bio \u00e0 A\u00efgua, Uruguay - Semoirs Ebra<\/title>\n<meta name=\"robots\" content=\"index, follow, max-snippet:-1, max-image-preview:large, max-video-preview:-1\" \/>\n<link rel=\"canonical\" href=\"https:\/\/www.ebra-semoir.fr\/en\/temoignage-de-peter-abmayr-maraicher-bio-a-aigua-uruguay\/\" \/>\n<meta property=\"og:locale\" content=\"en_US\" \/>\n<meta property=\"og:type\" content=\"article\" \/>\n<meta property=\"og:title\" content=\"T\u00e9moignage de Peter Abmayr, mara\u00eecher Bio \u00e0 A\u00efgua, Uruguay - Semoirs Ebra\" \/>\n<meta property=\"og:description\" content=\"Samedi dernier, j&rsquo;ai re\u00e7u et assembl\u00e9 mon semoir. Et d\u00e8s lundi, je l&rsquo;ai mis en route, car mon quinoa \u00e9tait pr\u00eat \u00e0 semer depuis une semaine. J&rsquo;avais dit \u00e0 des amis que j&rsquo;avais achet\u00e9 une nouvelle Porsche, aujourd&rsquo;hui je r\u00e9alise que j&rsquo;avais tort : j&rsquo;ai achet\u00e9 une Ferrari ! M\u00eame couleur, et presque aussi rapide [&hellip;]\" \/>\n<meta property=\"og:url\" content=\"https:\/\/www.ebra-semoir.fr\/en\/temoignage-de-peter-abmayr-maraicher-bio-a-aigua-uruguay\/\" \/>\n<meta property=\"og:site_name\" content=\"Semoirs Ebra\" \/>\n<meta property=\"article:published_time\" content=\"2018-08-19T21:45:05+00:00\" \/>\n<meta property=\"article:modified_time\" content=\"2020-02-23T15:40:45+00:00\" \/>\n<meta property=\"og:image\" content=\"https:\/\/www.ebra-semoir.fr\/wp-content\/uploads\/2018\/08\/man-with-shovel-digging-garden-bed-or-farm-PQVW8YA-scaled-e1582472429590.jpg\" \/>\n\t<meta property=\"og:image:width\" content=\"800\" \/>\n\t<meta property=\"og:image:height\" content=\"533\" \/>\n\t<meta property=\"og:image:type\" content=\"image\/jpeg\" \/>\n<meta name=\"author\" content=\"Fran\u00e7ois Chauchet\" \/>\n<meta name=\"twitter:card\" content=\"summary_large_image\" \/>\n<meta name=\"twitter:label1\" content=\"Written by\" \/>\n\t<meta name=\"twitter:data1\" content=\"Fran\u00e7ois Chauchet\" \/>\n\t<meta name=\"twitter:label2\" content=\"Est. reading time\" \/>\n\t<meta name=\"twitter:data2\" content=\"1 minute\" \/>\n<script type=\"application\/ld+json\" class=\"yoast-schema-graph\">{\"@context\":\"https:\\\/\\\/schema.org\",\"@graph\":[{\"@type\":\"Article\",\"@id\":\"https:\\\/\\\/www.ebra-semoir.fr\\\/temoignage-de-peter-abmayr-maraicher-bio-a-aigua-uruguay\\\/#article\",\"isPartOf\":{\"@id\":\"https:\\\/\\\/www.ebra-semoir.fr\\\/temoignage-de-peter-abmayr-maraicher-bio-a-aigua-uruguay\\\/\"},\"author\":{\"name\":\"Fran\u00e7ois Chauchet\",\"@id\":\"https:\\\/\\\/www.ebra-semoir.fr\\\/#\\\/schema\\\/person\\\/4862d991220c2523dc2714077354f2ac\"},\"headline\":\"T\u00e9moignage de Peter Abmayr, mara\u00eecher Bio \u00e0 A\u00efgua, Uruguay\",\"datePublished\":\"2018-08-19T21:45:05+00:00\",\"dateModified\":\"2020-02-23T15:40:45+00:00\",\"mainEntityOfPage\":{\"@id\":\"https:\\\/\\\/www.ebra-semoir.fr\\\/temoignage-de-peter-abmayr-maraicher-bio-a-aigua-uruguay\\\/\"},\"wordCount\":300,\"publisher\":{\"@id\":\"https:\\\/\\\/www.ebra-semoir.fr\\\/#organization\"},\"image\":{\"@id\":\"https:\\\/\\\/www.ebra-semoir.fr\\\/temoignage-de-peter-abmayr-maraicher-bio-a-aigua-uruguay\\\/#primaryimage\"},\"thumbnailUrl\":\"https:\\\/\\\/www.ebra-semoir.fr\\\/wp-content\\\/uploads\\\/2018\\\/08\\\/man-with-shovel-digging-garden-bed-or-farm-PQVW8YA-scaled-e1582472429590.jpg\",\"articleSection\":[\"T\u00e9moignages Clients\"],\"inLanguage\":\"en-US\"},{\"@type\":\"WebPage\",\"@id\":\"https:\\\/\\\/www.ebra-semoir.fr\\\/temoignage-de-peter-abmayr-maraicher-bio-a-aigua-uruguay\\\/\",\"url\":\"https:\\\/\\\/www.ebra-semoir.fr\\\/temoignage-de-peter-abmayr-maraicher-bio-a-aigua-uruguay\\\/\",\"name\":\"T\u00e9moignage de Peter Abmayr, mara\u00eecher Bio \u00e0 A\u00efgua, Uruguay - Semoirs Ebra\",\"isPartOf\":{\"@id\":\"https:\\\/\\\/www.ebra-semoir.fr\\\/#website\"},\"primaryImageOfPage\":{\"@id\":\"https:\\\/\\\/www.ebra-semoir.fr\\\/temoignage-de-peter-abmayr-maraicher-bio-a-aigua-uruguay\\\/#primaryimage\"},\"image\":{\"@id\":\"https:\\\/\\\/www.ebra-semoir.fr\\\/temoignage-de-peter-abmayr-maraicher-bio-a-aigua-uruguay\\\/#primaryimage\"},\"thumbnailUrl\":\"https:\\\/\\\/www.ebra-semoir.fr\\\/wp-content\\\/uploads\\\/2018\\\/08\\\/man-with-shovel-digging-garden-bed-or-farm-PQVW8YA-scaled-e1582472429590.jpg\",\"datePublished\":\"2018-08-19T21:45:05+00:00\",\"dateModified\":\"2020-02-23T15:40:45+00:00\",\"breadcrumb\":{\"@id\":\"https:\\\/\\\/www.ebra-semoir.fr\\\/temoignage-de-peter-abmayr-maraicher-bio-a-aigua-uruguay\\\/#breadcrumb\"},\"inLanguage\":\"en-US\",\"potentialAction\":[{\"@type\":\"ReadAction\",\"target\":[\"https:\\\/\\\/www.ebra-semoir.fr\\\/temoignage-de-peter-abmayr-maraicher-bio-a-aigua-uruguay\\\/\"]}]},{\"@type\":\"ImageObject\",\"inLanguage\":\"en-US\",\"@id\":\"https:\\\/\\\/www.ebra-semoir.fr\\\/temoignage-de-peter-abmayr-maraicher-bio-a-aigua-uruguay\\\/#primaryimage\",\"url\":\"https:\\\/\\\/www.ebra-semoir.fr\\\/wp-content\\\/uploads\\\/2018\\\/08\\\/man-with-shovel-digging-garden-bed-or-farm-PQVW8YA-scaled-e1582472429590.jpg\",\"contentUrl\":\"https:\\\/\\\/www.ebra-semoir.fr\\\/wp-content\\\/uploads\\\/2018\\\/08\\\/man-with-shovel-digging-garden-bed-or-farm-PQVW8YA-scaled-e1582472429590.jpg\",\"width\":800,\"height\":533,\"caption\":\"farming, gardening, agriculture and people concept - man with shovel digging garden bed or farm\"},{\"@type\":\"BreadcrumbList\",\"@id\":\"https:\\\/\\\/www.ebra-semoir.fr\\\/temoignage-de-peter-abmayr-maraicher-bio-a-aigua-uruguay\\\/#breadcrumb\",\"itemListElement\":[{\"@type\":\"ListItem\",\"position\":1,\"name\":\"Accueil\",\"item\":\"https:\\\/\\\/www.ebra-semoir.fr\\\/\"},{\"@type\":\"ListItem\",\"position\":2,\"name\":\"T\u00e9moignage de Peter Abmayr, mara\u00eecher Bio \u00e0 A\u00efgua, Uruguay\"}]},{\"@type\":\"WebSite\",\"@id\":\"https:\\\/\\\/www.ebra-semoir.fr\\\/#website\",\"url\":\"https:\\\/\\\/www.ebra-semoir.fr\\\/\",\"name\":\"Semoirs Ebra\",\"description\":\"Ebra - Les Semoirs de Pr\u00e9cision\",\"publisher\":{\"@id\":\"https:\\\/\\\/www.ebra-semoir.fr\\\/#organization\"},\"potentialAction\":[{\"@type\":\"SearchAction\",\"target\":{\"@type\":\"EntryPoint\",\"urlTemplate\":\"https:\\\/\\\/www.ebra-semoir.fr\\\/?s={search_term_string}\"},\"query-input\":{\"@type\":\"PropertyValueSpecification\",\"valueRequired\":true,\"valueName\":\"search_term_string\"}}],\"inLanguage\":\"en-US\"},{\"@type\":\"Organization\",\"@id\":\"https:\\\/\\\/www.ebra-semoir.fr\\\/#organization\",\"name\":\"Semoirs Ebra\",\"url\":\"https:\\\/\\\/www.ebra-semoir.fr\\\/\",\"logo\":{\"@type\":\"ImageObject\",\"inLanguage\":\"en-US\",\"@id\":\"https:\\\/\\\/www.ebra-semoir.fr\\\/#\\\/schema\\\/logo\\\/image\\\/\",\"url\":\"https:\\\/\\\/www.ebra-semoir.fr\\\/wp-content\\\/uploads\\\/2018\\\/05\\\/logo-ebra-white.png\",\"contentUrl\":\"https:\\\/\\\/www.ebra-semoir.fr\\\/wp-content\\\/uploads\\\/2018\\\/05\\\/logo-ebra-white.png\",\"width\":208,\"height\":78,\"caption\":\"Semoirs Ebra\"},\"image\":{\"@id\":\"https:\\\/\\\/www.ebra-semoir.fr\\\/#\\\/schema\\\/logo\\\/image\\\/\"}},{\"@type\":\"Person\",\"@id\":\"https:\\\/\\\/www.ebra-semoir.fr\\\/#\\\/schema\\\/person\\\/4862d991220c2523dc2714077354f2ac\",\"name\":\"Fran\u00e7ois Chauchet\",\"image\":{\"@type\":\"ImageObject\",\"inLanguage\":\"en-US\",\"@id\":\"https:\\\/\\\/secure.gravatar.com\\\/avatar\\\/a31f304f85b8bfdd51c18618d318258fb8dd5f603cdd567470857bb057644103?s=96&d=mm&r=g\",\"url\":\"https:\\\/\\\/secure.gravatar.com\\\/avatar\\\/a31f304f85b8bfdd51c18618d318258fb8dd5f603cdd567470857bb057644103?s=96&d=mm&r=g\",\"contentUrl\":\"https:\\\/\\\/secure.gravatar.com\\\/avatar\\\/a31f304f85b8bfdd51c18618d318258fb8dd5f603cdd567470857bb057644103?s=96&d=mm&r=g\",\"caption\":\"Fran\u00e7ois Chauchet\"},\"url\":\"https:\\\/\\\/www.ebra-semoir.fr\\\/en\\\/author\\\/francois\\\/\"}]}<\/script>\n<!-- \/ Yoast SEO plugin. -->","yoast_head_json":{"title":"T\u00e9moignage de Peter Abmayr, mara\u00eecher Bio \u00e0 A\u00efgua, Uruguay - Semoirs Ebra","robots":{"index":"index","follow":"follow","max-snippet":"max-snippet:-1","max-image-preview":"max-image-preview:large","max-video-preview":"max-video-preview:-1"},"canonical":"https:\/\/www.ebra-semoir.fr\/en\/temoignage-de-peter-abmayr-maraicher-bio-a-aigua-uruguay\/","og_locale":"en_US","og_type":"article","og_title":"T\u00e9moignage de Peter Abmayr, mara\u00eecher Bio \u00e0 A\u00efgua, Uruguay - Semoirs Ebra","og_description":"Samedi dernier, j&rsquo;ai re\u00e7u et assembl\u00e9 mon semoir. Et d\u00e8s lundi, je l&rsquo;ai mis en route, car mon quinoa \u00e9tait pr\u00eat \u00e0 semer depuis une semaine. J&rsquo;avais dit \u00e0 des amis que j&rsquo;avais achet\u00e9 une nouvelle Porsche, aujourd&rsquo;hui je r\u00e9alise que j&rsquo;avais tort : j&rsquo;ai achet\u00e9 une Ferrari ! M\u00eame couleur, et presque aussi rapide [&hellip;]","og_url":"https:\/\/www.ebra-semoir.fr\/en\/temoignage-de-peter-abmayr-maraicher-bio-a-aigua-uruguay\/","og_site_name":"Semoirs Ebra","article_published_time":"2018-08-19T21:45:05+00:00","article_modified_time":"2020-02-23T15:40:45+00:00","og_image":[{"width":800,"height":533,"url":"https:\/\/www.ebra-semoir.fr\/wp-content\/uploads\/2018\/08\/man-with-shovel-digging-garden-bed-or-farm-PQVW8YA-scaled-e1582472429590.jpg","type":"image\/jpeg"}],"author":"Fran\u00e7ois Chauchet","twitter_card":"summary_large_image","twitter_misc":{"Written by":"Fran\u00e7ois Chauchet","Est. reading time":"1 minute"},"schema":{"@context":"https:\/\/schema.org","@graph":[{"@type":"Article","@id":"https:\/\/www.ebra-semoir.fr\/temoignage-de-peter-abmayr-maraicher-bio-a-aigua-uruguay\/#article","isPartOf":{"@id":"https:\/\/www.ebra-semoir.fr\/temoignage-de-peter-abmayr-maraicher-bio-a-aigua-uruguay\/"},"author":{"name":"Fran\u00e7ois Chauchet","@id":"https:\/\/www.ebra-semoir.fr\/#\/schema\/person\/4862d991220c2523dc2714077354f2ac"},"headline":"T\u00e9moignage de Peter Abmayr, mara\u00eecher Bio \u00e0 A\u00efgua, Uruguay","datePublished":"2018-08-19T21:45:05+00:00","dateModified":"2020-02-23T15:40:45+00:00","mainEntityOfPage":{"@id":"https:\/\/www.ebra-semoir.fr\/temoignage-de-peter-abmayr-maraicher-bio-a-aigua-uruguay\/"},"wordCount":300,"publisher":{"@id":"https:\/\/www.ebra-semoir.fr\/#organization"},"image":{"@id":"https:\/\/www.ebra-semoir.fr\/temoignage-de-peter-abmayr-maraicher-bio-a-aigua-uruguay\/#primaryimage"},"thumbnailUrl":"https:\/\/www.ebra-semoir.fr\/wp-content\/uploads\/2018\/08\/man-with-shovel-digging-garden-bed-or-farm-PQVW8YA-scaled-e1582472429590.jpg","articleSection":["T\u00e9moignages Clients"],"inLanguage":"en-US"},{"@type":"WebPage","@id":"https:\/\/www.ebra-semoir.fr\/temoignage-de-peter-abmayr-maraicher-bio-a-aigua-uruguay\/","url":"https:\/\/www.ebra-semoir.fr\/temoignage-de-peter-abmayr-maraicher-bio-a-aigua-uruguay\/","name":"T\u00e9moignage de Peter Abmayr, mara\u00eecher Bio \u00e0 A\u00efgua, Uruguay - Semoirs Ebra","isPartOf":{"@id":"https:\/\/www.ebra-semoir.fr\/#website"},"primaryImageOfPage":{"@id":"https:\/\/www.ebra-semoir.fr\/temoignage-de-peter-abmayr-maraicher-bio-a-aigua-uruguay\/#primaryimage"},"image":{"@id":"https:\/\/www.ebra-semoir.fr\/temoignage-de-peter-abmayr-maraicher-bio-a-aigua-uruguay\/#primaryimage"},"thumbnailUrl":"https:\/\/www.ebra-semoir.fr\/wp-content\/uploads\/2018\/08\/man-with-shovel-digging-garden-bed-or-farm-PQVW8YA-scaled-e1582472429590.jpg","datePublished":"2018-08-19T21:45:05+00:00","dateModified":"2020-02-23T15:40:45+00:00","breadcrumb":{"@id":"https:\/\/www.ebra-semoir.fr\/temoignage-de-peter-abmayr-maraicher-bio-a-aigua-uruguay\/#breadcrumb"},"inLanguage":"en-US","potentialAction":[{"@type":"ReadAction","target":["https:\/\/www.ebra-semoir.fr\/temoignage-de-peter-abmayr-maraicher-bio-a-aigua-uruguay\/"]}]},{"@type":"ImageObject","inLanguage":"en-US","@id":"https:\/\/www.ebra-semoir.fr\/temoignage-de-peter-abmayr-maraicher-bio-a-aigua-uruguay\/#primaryimage","url":"https:\/\/www.ebra-semoir.fr\/wp-content\/uploads\/2018\/08\/man-with-shovel-digging-garden-bed-or-farm-PQVW8YA-scaled-e1582472429590.jpg","contentUrl":"https:\/\/www.ebra-semoir.fr\/wp-content\/uploads\/2018\/08\/man-with-shovel-digging-garden-bed-or-farm-PQVW8YA-scaled-e1582472429590.jpg","width":800,"height":533,"caption":"farming, gardening, agriculture and people concept - man with shovel digging garden bed or farm"},{"@type":"BreadcrumbList","@id":"https:\/\/www.ebra-semoir.fr\/temoignage-de-peter-abmayr-maraicher-bio-a-aigua-uruguay\/#breadcrumb","itemListElement":[{"@type":"ListItem","position":1,"name":"Accueil","item":"https:\/\/www.ebra-semoir.fr\/"},{"@type":"ListItem","position":2,"name":"T\u00e9moignage de Peter Abmayr, mara\u00eecher Bio \u00e0 A\u00efgua, Uruguay"}]},{"@type":"WebSite","@id":"https:\/\/www.ebra-semoir.fr\/#website","url":"https:\/\/www.ebra-semoir.fr\/","name":"Semoirs Ebra","description":"Ebra - Les Semoirs de Pr\u00e9cision","publisher":{"@id":"https:\/\/www.ebra-semoir.fr\/#organization"},"potentialAction":[{"@type":"SearchAction","target":{"@type":"EntryPoint","urlTemplate":"https:\/\/www.ebra-semoir.fr\/?s={search_term_string}"},"query-input":{"@type":"PropertyValueSpecification","valueRequired":true,"valueName":"search_term_string"}}],"inLanguage":"en-US"},{"@type":"Organization","@id":"https:\/\/www.ebra-semoir.fr\/#organization","name":"Semoirs Ebra","url":"https:\/\/www.ebra-semoir.fr\/","logo":{"@type":"ImageObject","inLanguage":"en-US","@id":"https:\/\/www.ebra-semoir.fr\/#\/schema\/logo\/image\/","url":"https:\/\/www.ebra-semoir.fr\/wp-content\/uploads\/2018\/05\/logo-ebra-white.png","contentUrl":"https:\/\/www.ebra-semoir.fr\/wp-content\/uploads\/2018\/05\/logo-ebra-white.png","width":208,"height":78,"caption":"Semoirs Ebra"},"image":{"@id":"https:\/\/www.ebra-semoir.fr\/#\/schema\/logo\/image\/"}},{"@type":"Person","@id":"https:\/\/www.ebra-semoir.fr\/#\/schema\/person\/4862d991220c2523dc2714077354f2ac","name":"Fran\u00e7ois Chauchet","image":{"@type":"ImageObject","inLanguage":"en-US","@id":"https:\/\/secure.gravatar.com\/avatar\/a31f304f85b8bfdd51c18618d318258fb8dd5f603cdd567470857bb057644103?s=96&d=mm&r=g","url":"https:\/\/secure.gravatar.com\/avatar\/a31f304f85b8bfdd51c18618d318258fb8dd5f603cdd567470857bb057644103?s=96&d=mm&r=g","contentUrl":"https:\/\/secure.gravatar.com\/avatar\/a31f304f85b8bfdd51c18618d318258fb8dd5f603cdd567470857bb057644103?s=96&d=mm&r=g","caption":"Fran\u00e7ois Chauchet"},"url":"https:\/\/www.ebra-semoir.fr\/en\/author\/francois\/"}]}},"_links":{"self":[{"href":"https:\/\/www.ebra-semoir.fr\/en\/wp-json\/wp\/v2\/posts\/9589","targetHints":{"allow":["GET"]}}],"collection":[{"href":"https:\/\/www.ebra-semoir.fr\/en\/wp-json\/wp\/v2\/posts"}],"about":[{"href":"https:\/\/www.ebra-semoir.fr\/en\/wp-json\/wp\/v2\/types\/post"}],"author":[{"embeddable":true,"href":"https:\/\/www.ebra-semoir.fr\/en\/wp-json\/wp\/v2\/users\/4"}],"replies":[{"embeddable":true,"href":"https:\/\/www.ebra-semoir.fr\/en\/wp-json\/wp\/v2\/comments?post=9589"}],"version-history":[{"count":0,"href":"https:\/\/www.ebra-semoir.fr\/en\/wp-json\/wp\/v2\/posts\/9589\/revisions"}],"wp:featuredmedia":[{"embeddable":true,"href":"https:\/\/www.ebra-semoir.fr\/en\/wp-json\/wp\/v2\/media\/14220"}],"wp:attachment":[{"href":"https:\/\/www.ebra-semoir.fr\/en\/wp-json\/wp\/v2\/media?parent=9589"}],"wp:term":[{"taxonomy":"category","embeddable":true,"href":"https:\/\/www.ebra-semoir.fr\/en\/wp-json\/wp\/v2\/categories?post=9589"},{"taxonomy":"post_tag","embeddable":true,"href":"https:\/\/www.ebra-semoir.fr\/en\/wp-json\/wp\/v2\/tags?post=9589"}],"curies":[{"name":"wp","href":"https:\/\/api.w.org\/{rel}","templated":true}]}}